{"id":2896,"date":"2013-03-12T17:00:50","date_gmt":"2013-03-12T17:00:50","guid":{"rendered":"http:\/\/www1.herrera.unt.edu.ar\/facetinforma\/?p=2896"},"modified":"2013-03-12T17:00:50","modified_gmt":"2013-03-12T17:00:50","slug":"curso-metodologias-de-evaluacion-subjetiva-del-espacio-iluminado","status":"publish","type":"post","link":"https:\/\/www.facet.unt.edu.ar\/facetinforma\/2013\/03\/12\/curso-metodologias-de-evaluacion-subjetiva-del-espacio-iluminado\/","title":{"rendered":"Curso &#8220;Metodolog\u00edas de Evaluaci\u00f3n Subjetiva del Espacio Iluminado&#8221;"},"content":{"rendered":"<p style=\"text-align: center\"><strong>DOCTORADO EN MEDIO AMBIENTE VISUAL E ILUMINACI\u00d3N EFICIENTE<\/strong><br \/><strong>CURSOS DE POSGRADO 2013<\/strong><\/p>\n<p><strong>METODOLOG\u00cdAS DE EVALUACI\u00d3N SUBJETIVA DEL ESPACIO ILUMINADO<\/strong> &#8211; 30 horas.<\/p>\n<p><strong><em>Profesores<\/em><\/strong>: Dra. Graciela Tonello (DLLyV-FACET-UNT) y Dra. Mar\u00eda Johansson (Associate Professor in environmental psychology, Dept. of Architecture and Built Environment, Lund University, Lund, Sweden).<\/p>\n<p><strong><em>Fechas<\/em><\/strong>: 18 al 27 de marzo.<\/p>\n<p><strong><em>Horarios<\/em><\/strong>: <strong><span style=\"text-decoration: underline\">LA PRIMERA CLASE\u00a0ser\u00e1 el LUNES 18 de MARZO de 14hs a 19hs<\/span>.; <\/strong>en esta oportunidad docentes y alumnos acordar\u00e1n los horarios de las clases; seg\u00fan las siguientes posibilidades: a la tarde de 14 a 19hs; o por la ma\u00f1ana de 9 a 14hs.<!--more--><\/p>\n<p><strong><em>Aranceles<\/em><\/strong>: General: $420; Becarios, tesistas de posgrado y docentes de la UNT: $210.<\/p>\n<p>Se adjunta ficha de inscripci\u00f3n:<br \/> &#8211; <a href=\"http:\/\/www1.herrera.unt.edu.ar\/facetinforma\/wp-content\/uploads\/2013\/03\/2-Ficha-de-Inscripci\u00f3n-Metodolog\u00edas-de-Evaluaci\u00f3n-Subjetiva-2013.doc\" target=\"_blank\">Ficha de Inscripci\u00f3n &#8211; Metodolog\u00edas de Evaluaci\u00f3n Subjetiva &#8211; 2013.doc<\/a><\/p>\n<p><strong><span style=\"text-decoration: underline\">Informes e inscripci\u00f3n:<\/span><\/strong><br \/> Departamento de Luminotecnia, Luz y Visi\u00f3n &#8220;Ing. Herberto C. B\u00fchler&#8221;<br \/> Facultad de Ciencias Exactas y Tecnolog\u00eda &#8211; Universidad Nacional de Tucum\u00e1n<br \/> Avda. Independencia 1800 &#8211; T4002BLR \u2013 Tucum\u00e1n &#8211; Argentina<br \/> Tel.: +54 381 4364093 Int. 7715 \/ 7785 \u2013 Tel\/Fax: +54 381 4361936<br \/> <a href=\"mailto:ilum@herrera.unt.edu.ar\" target=\"_blank\">ilum@herrera.unt.edu.ar<\/a> \/ <a href=\"http:\/\/www1.herrera.unt.edu.ar\/faceyt\/dllyv\" target=\"_blank\">www1.herrera.unt.edu.ar\/faceyt\/dllyv<\/a><\/p>\n<div id=\"dc_vk_code\">\u00a0<\/div>\n","protected":false},"excerpt":{"rendered":"<p>DOCTORADO EN MEDIO AMBIENTE VISUAL E ILUMINACI\u00d3N EFICIENTECURSOS DE POSGRADO 2013 METODOLOG\u00cdAS DE EVALUACI\u00d3N SUBJETIVA DEL ESPACIO ILUMINADO &#8211; 30 horas. Profesores: Dra. Graciela Tonello (DLLyV-FACET-UNT) y Dra. Mar\u00eda Johansson (Associate Professor in environmental psychology, Dept. of Architecture and Built Environment, Lund University, Lund, Sweden). Fechas: 18 al 27 de marzo. Horarios: LA PRIMERA CLASE\u00a0ser\u00e1 [&hellip;]<\/p>\n","protected":false},"author":6,"featured_media":0,"comment_status":"closed","ping_status":"open","sticky":false,"template":"","format":"standard","meta":[],"categories":[5,4],"tags":[],"_links":{"self":[{"href":"https:\/\/www.facet.unt.edu.ar\/facetinforma\/wp-json\/wp\/v2\/posts\/2896"}],"collection":[{"href":"https:\/\/www.facet.unt.edu.ar\/facetinforma\/wp-json\/wp\/v2\/posts"}],"about":[{"href":"https:\/\/www.facet.unt.edu.ar\/facetinforma\/wp-json\/wp\/v2\/types\/post"}],"author":[{"embeddable":true,"href":"https:\/\/www.facet.unt.edu.ar\/facetinforma\/wp-json\/wp\/v2\/users\/6"}],"replies":[{"embeddable":true,"href":"https:\/\/www.facet.unt.edu.ar\/facetinforma\/wp-json\/wp\/v2\/comments?post=2896"}],"version-history":[{"count":0,"href":"https:\/\/www.facet.unt.edu.ar\/facetinforma\/wp-json\/wp\/v2\/posts\/2896\/revisions"}],"wp:attachment":[{"href":"https:\/\/www.facet.unt.edu.ar\/facetinforma\/wp-json\/wp\/v2\/media?parent=2896"}],"wp:term":[{"taxonomy":"category","embeddable":true,"href":"https:\/\/www.facet.unt.edu.ar\/facetinforma\/wp-json\/wp\/v2\/categories?post=2896"},{"taxonomy":"post_tag","embeddable":true,"href":"https:\/\/www.facet.unt.edu.ar\/facetinforma\/wp-json\/wp\/v2\/tags?post=2896"}],"curies":[{"name":"wp","href":"https:\/\/api.w.org\/{rel}","templated":true}]}}