{"id":29005,"date":"2025-05-06T10:47:37","date_gmt":"2025-05-06T13:47:37","guid":{"rendered":"https:\/\/www.facet.unt.edu.ar\/facetinforma\/?p=29005"},"modified":"2025-05-06T10:47:43","modified_gmt":"2025-05-06T13:47:43","slug":"jornadas-de-reflexion-y-capacitacion-en-la-facet","status":"publish","type":"post","link":"https:\/\/www.facet.unt.edu.ar\/facetinforma\/2025\/05\/06\/jornadas-de-reflexion-y-capacitacion-en-la-facet\/","title":{"rendered":"Jornadas de Reflexi\u00f3n y Capacitaci\u00f3n en la FACET"},"content":{"rendered":"<div id=\"pl-29005\"  class=\"panel-layout\" ><div id=\"pg-29005-0\"  class=\"panel-grid panel-no-style\" ><div id=\"pgc-29005-0-0\"  class=\"panel-grid-cell\" ><div id=\"panel-29005-0-0-0\" class=\"so-panel widget widget_media_image panel-first-child panel-last-child\" data-index=\"0\" ><img width=\"1280\" height=\"1280\" src=\"https:\/\/www.facet.unt.edu.ar\/facetinforma\/wp-content\/uploads\/sites\/9\/2025\/05\/WhatsApp-Image-2025-05-06-at-10.31.12-AM.jpeg\" class=\"image wp-image-29006  attachment-full size-full\" alt=\"\" decoding=\"async\" loading=\"lazy\" style=\"max-width: 100%; height: auto;\" \/><\/div><\/div><div id=\"pgc-29005-0-1\"  class=\"panel-grid-cell\" ><div id=\"panel-29005-0-1-0\" class=\"so-panel widget widget_sow-editor panel-first-child\" data-index=\"1\" ><div\n\t\t\t\n\t\t\tclass=\"so-widget-sow-editor so-widget-sow-editor-base\"\n\t\t\t\n\t\t>\n<div class=\"siteorigin-widget-tinymce textwidget\">\n\t<p><span style=\"font-weight: 400;\">En el Anfiteatro Elisa Margarita Colombo de la FACET, se desarrolla hoy y ma\u00f1ana 7 de mayo las Jornadas de Reflexi\u00f3n y Capacitaci\u00f3n: \u201cHacia la Implementaci\u00f3n del Sistema Argentino de Cr\u00e9ditos Acad\u00e9micos Universitarios en la UNT\u201d coordinada por el Ing. Daniel Morano y Organizada por la Secretar\u00eda Acad\u00e9mica de la UNT.<\/span><\/p>\n<p><span style=\"font-weight: 400;\">Destinadas a Secretarios\/as Acad\u00e9micos\/as, Directores\/as de Carrera y Departamento, comisiones curriculares de todas las unidades acad\u00e9micas y Escuelas Universitarias de la UNT.<\/span><\/p>\n<p><span style=\"font-weight: 400;\">El evento se inaugur\u00f3 con unas palabras del Decano de la FACET, Dr. Miguel \u00c1ngel Cabrera, quien agradeci\u00f3 a todos los presentes por querer formar parte de las jornadas, y a sus organizadores, expres\u00f3: \u201c...es un espacio para pensar en colectivo y revisar dise\u00f1os curriculares desde la noci\u00f3n de horas totales de trabajo estudiantil, reconocer la diversidad del perfil de estudiantes y analizar el impacto del SACAU en nuestra Universidad\u201d.<\/span><\/p>\n<p><span style=\"font-weight: 400;\">Continu\u00f3 la Vicerrectora de la UNT, la Dra. Mercedes Leal \u201c...es un cambio de paradigma, tiene que ver con romper necesariamente esa g\u00e9nesis con la que naci\u00f3 los estudios universitarios\u201d\u00a0<\/span><\/p>\n<p><span style=\"font-weight: 400;\">Finalmente cerr\u00f3 el Rector de la UNT, el Mg. Ing. Sergio Pagani, quien mencion\u00f3 \u201c...es una oportunidad para mirar en profundidad la metodolog\u00eda, el an\u00e1lisis, c\u00f3mo es la vinculaci\u00f3n del docente con el estudiante\u2026\u201d concluy\u00f3 \u201cel camino no es f\u00e1cil pero los invito con toda esperanza a caminarlo juntos\u201d.\u00a0<\/span><\/p>\n<p>Se procedi\u00f3 a la disertaci\u00f3n del Ing. Daniel Morano, acompa\u00f1ado por la Secretaria Acad\u00e9mica de la UNT, Dra. Carolina Abdala.<\/p>\n<\/div>\n<\/div><\/div><div id=\"panel-29005-0-1-1\" class=\"so-panel widget widget_sow-slider panel-last-child\" data-index=\"2\" ><div\n\t\t\t\n\t\t\tclass=\"so-widget-sow-slider so-widget-sow-slider-default-53fd0f98de19-29005\"\n\t\t\t\n\t\t><div class=\"sow-slider-base\" style=\"display: none\"><ul\n\t\t\t\t\tclass=\"sow-slider-images\"\n\t\t\t\t\tdata-settings=\"{&quot;pagination&quot;:true,&quot;speed&quot;:800,&quot;timeout&quot;:8000,&quot;paused&quot;:false,&quot;pause_on_hover&quot;:false,&quot;swipe&quot;:true,&quot;nav_always_show_desktop&quot;:&quot;&quot;,&quot;nav_always_show_mobile&quot;:&quot;&quot;,&quot;breakpoint&quot;:&quot;780px&quot;,&quot;unmute&quot;:false,&quot;anchor&quot;:null}\"\n\t\t\t\t\t\t\t\t\t\tdata-anchor-id=\"\"\n\t\t\t\t>\t\t<li class=\"sow-slider-image  sow-slider-image-cover\" style=\"visibility: visible;;background-image: url(https:\/\/www.facet.unt.edu.ar\/facetinforma\/wp-content\/uploads\/sites\/9\/2025\/05\/WhatsApp-Image-2025-05-06-at-10.31.12-AM-2.jpeg)\" >\n\t\t\t\t\t\t\t\t\t<img width=\"1280\" height=\"1280\" src=\"https:\/\/www.facet.unt.edu.ar\/facetinforma\/wp-content\/uploads\/sites\/9\/2025\/05\/WhatsApp-Image-2025-05-06-at-10.31.12-AM-2.jpeg\" class=\"sow-slider-background-image skip-lazy\" alt=\"\" decoding=\"async\" loading=\"eager\" \/>\t\t\t\t\t\t\t\t<\/li>\n\t\t<\/ul>\t\t\t\t<ol class=\"sow-slider-pagination\">\n\t\t\t\t\t\t\t\t\t\t\t<li><a href=\"#\" data-goto=\"0\" aria-label=\"mostrar diapositiva 1\"><\/a><\/li>\n\t\t\t\t\t\t\t\t\t<\/ol>\n\n\t\t\t\t<div class=\"sow-slide-nav sow-slide-nav-next\">\n\t\t\t\t\t<a href=\"#\" data-goto=\"next\" aria-label=\"diapositiva siguiente\" data-action=\"next\">\n\t\t\t\t\t\t<em class=\"sow-sld-icon-thin-right\"><\/em>\n\t\t\t\t\t<\/a>\n\t\t\t\t<\/div>\n\n\t\t\t\t<div class=\"sow-slide-nav sow-slide-nav-prev\">\n\t\t\t\t\t<a href=\"#\" data-goto=\"previous\" aria-label=\"diapositiva anterior\" data-action=\"prev\">\n\t\t\t\t\t\t<em class=\"sow-sld-icon-thin-left\"><\/em>\n\t\t\t\t\t<\/a>\n\t\t\t\t<\/div>\n\t\t\t\t<\/div><\/div><\/div><\/div><\/div><\/div>","protected":false},"excerpt":{"rendered":"<p>En el Anfiteatro Elisa Margarita Colombo de la FACET, se desarrolla hoy y ma\u00f1ana 7 de mayo las Jornadas de Reflexi\u00f3n y Capacitaci\u00f3n: \u201cHacia la Implementaci\u00f3n del Sistema Argentino de Cr\u00e9ditos Acad\u00e9micos Universitarios en la UNT\u201d coordinada por el Ing. Daniel Morano y Organizada por la Secretar\u00eda Acad\u00e9mica de la UNT. Destinadas a Secretarios\/as Acad\u00e9micos\/as, [&hellip;]<\/p>\n","protected":false},"author":123512,"featured_media":29006,"comment_status":"closed","ping_status":"closed","sticky":false,"template":"","format":"standard","meta":[],"categories":[1],"tags":[43],"_links":{"self":[{"href":"https:\/\/www.facet.unt.edu.ar\/facetinforma\/wp-json\/wp\/v2\/posts\/29005"}],"collection":[{"href":"https:\/\/www.facet.unt.edu.ar\/facetinforma\/wp-json\/wp\/v2\/posts"}],"about":[{"href":"https:\/\/www.facet.unt.edu.ar\/facetinforma\/wp-json\/wp\/v2\/types\/post"}],"author":[{"embeddable":true,"href":"https:\/\/www.facet.unt.edu.ar\/facetinforma\/wp-json\/wp\/v2\/users\/123512"}],"replies":[{"embeddable":true,"href":"https:\/\/www.facet.unt.edu.ar\/facetinforma\/wp-json\/wp\/v2\/comments?post=29005"}],"version-history":[{"count":6,"href":"https:\/\/www.facet.unt.edu.ar\/facetinforma\/wp-json\/wp\/v2\/posts\/29005\/revisions"}],"predecessor-version":[{"id":29013,"href":"https:\/\/www.facet.unt.edu.ar\/facetinforma\/wp-json\/wp\/v2\/posts\/29005\/revisions\/29013"}],"wp:featuredmedia":[{"embeddable":true,"href":"https:\/\/www.facet.unt.edu.ar\/facetinforma\/wp-json\/wp\/v2\/media\/29006"}],"wp:attachment":[{"href":"https:\/\/www.facet.unt.edu.ar\/facetinforma\/wp-json\/wp\/v2\/media?parent=29005"}],"wp:term":[{"taxonomy":"category","embeddable":true,"href":"https:\/\/www.facet.unt.edu.ar\/facetinforma\/wp-json\/wp\/v2\/categories?post=29005"},{"taxonomy":"post_tag","embeddable":true,"href":"https:\/\/www.facet.unt.edu.ar\/facetinforma\/wp-json\/wp\/v2\/tags?post=29005"}],"curies":[{"name":"wp","href":"https:\/\/api.w.org\/{rel}","templated":true}]}}