{"id":29014,"date":"2025-05-07T08:55:51","date_gmt":"2025-05-07T11:55:51","guid":{"rendered":"https:\/\/www.facet.unt.edu.ar\/facetinforma\/?p=29014"},"modified":"2025-05-07T08:56:03","modified_gmt":"2025-05-07T11:56:03","slug":"primera-clase-de-la-cohorte-2025-de-la-maestria-en-electronica","status":"publish","type":"post","link":"https:\/\/www.facet.unt.edu.ar\/facetinforma\/2025\/05\/07\/primera-clase-de-la-cohorte-2025-de-la-maestria-en-electronica\/","title":{"rendered":"Primera Clase de la Cohorte 2025 de la Maestr\u00eda en Electr\u00f3nica"},"content":{"rendered":"<div id=\"pl-29014\"  class=\"panel-layout\" ><div id=\"pg-29014-0\"  class=\"panel-grid panel-no-style\" ><div id=\"pgc-29014-0-0\"  class=\"panel-grid-cell\" ><div id=\"panel-29014-0-0-0\" class=\"so-panel widget widget_media_image panel-first-child panel-last-child\" data-index=\"0\" ><img width=\"1080\" height=\"1080\" src=\"https:\/\/www.facet.unt.edu.ar\/facetinforma\/wp-content\/uploads\/sites\/9\/2025\/05\/Diseno-sin-titulo-23.png\" class=\"image wp-image-29015  attachment-full size-full\" alt=\"\" decoding=\"async\" loading=\"lazy\" style=\"max-width: 100%; height: auto;\" \/><\/div><\/div><div id=\"pgc-29014-0-1\"  class=\"panel-grid-cell\" ><div id=\"panel-29014-0-1-0\" class=\"so-panel widget widget_sow-editor panel-first-child panel-last-child\" data-index=\"1\" ><div\n\t\t\t\n\t\t\tclass=\"so-widget-sow-editor so-widget-sow-editor-base\"\n\t\t\t\n\t\t>\n<div class=\"siteorigin-widget-tinymce textwidget\">\n\t<p>Desde la Direcci\u00f3n de la Maestr\u00eda en Electr\u00f3nica del Departamento de Electricidad, Electr\u00f3nica y Computaci\u00f3n de la FACET, se informa que el pasado martes 6 de mayo a las 18:00 hs, se llev\u00f3 a cabo la primera clase oficial de la cohorte 2025, marcando as\u00ed el lanzamiento formal de esta nueva propuesta de posgrado.<\/p>\n<p>La clase correspondi\u00f3 a la asignatura \"Arquitecturas Avanzadas de Computadoras\", dictada por el Dr. Ing. Fernando Miranda Bonomi, y se desarroll\u00f3 en modalidad virtual a trav\u00e9s de la plataforma Zoom.<\/p>\n<p>La cohorte 2025 est\u00e1 integrada por 18 estudiantes provenientes de distintas provincias argentinas \u2014Tucum\u00e1n, Jujuy, Chubut, Catamarca, Santiago del Estero\u2014 y tambi\u00e9n del exterior (Barcelona y Virginia, EE.UU.). Esta diversidad territorial reafirma el car\u00e1cter federal e internacional de la Maestr\u00eda y refleja el inter\u00e9s que despierta la propuesta, tanto a nivel acad\u00e9mico como profesional.<\/p>\n<\/div>\n<\/div><\/div><\/div><\/div><\/div>","protected":false},"excerpt":{"rendered":"<p>Desde la Direcci\u00f3n de la Maestr\u00eda en Electr\u00f3nica del Departamento de Electricidad, Electr\u00f3nica y Computaci\u00f3n de la FACET, se informa que el pasado martes 6 de mayo a las 18:00 hs, se llev\u00f3 a cabo la primera clase oficial de la cohorte 2025, marcando as\u00ed el lanzamiento formal de esta nueva propuesta de posgrado. La [&hellip;]<\/p>\n","protected":false},"author":123512,"featured_media":29015,"comment_status":"closed","ping_status":"closed","sticky":false,"template":"","format":"standard","meta":[],"categories":[1],"tags":[35],"_links":{"self":[{"href":"https:\/\/www.facet.unt.edu.ar\/facetinforma\/wp-json\/wp\/v2\/posts\/29014"}],"collection":[{"href":"https:\/\/www.facet.unt.edu.ar\/facetinforma\/wp-json\/wp\/v2\/posts"}],"about":[{"href":"https:\/\/www.facet.unt.edu.ar\/facetinforma\/wp-json\/wp\/v2\/types\/post"}],"author":[{"embeddable":true,"href":"https:\/\/www.facet.unt.edu.ar\/facetinforma\/wp-json\/wp\/v2\/users\/123512"}],"replies":[{"embeddable":true,"href":"https:\/\/www.facet.unt.edu.ar\/facetinforma\/wp-json\/wp\/v2\/comments?post=29014"}],"version-history":[{"count":9,"href":"https:\/\/www.facet.unt.edu.ar\/facetinforma\/wp-json\/wp\/v2\/posts\/29014\/revisions"}],"predecessor-version":[{"id":29024,"href":"https:\/\/www.facet.unt.edu.ar\/facetinforma\/wp-json\/wp\/v2\/posts\/29014\/revisions\/29024"}],"wp:featuredmedia":[{"embeddable":true,"href":"https:\/\/www.facet.unt.edu.ar\/facetinforma\/wp-json\/wp\/v2\/media\/29015"}],"wp:attachment":[{"href":"https:\/\/www.facet.unt.edu.ar\/facetinforma\/wp-json\/wp\/v2\/media?parent=29014"}],"wp:term":[{"taxonomy":"category","embeddable":true,"href":"https:\/\/www.facet.unt.edu.ar\/facetinforma\/wp-json\/wp\/v2\/categories?post=29014"},{"taxonomy":"post_tag","embeddable":true,"href":"https:\/\/www.facet.unt.edu.ar\/facetinforma\/wp-json\/wp\/v2\/tags?post=29014"}],"curies":[{"name":"wp","href":"https:\/\/api.w.org\/{rel}","templated":true}]}}