{"id":29032,"date":"2025-05-08T08:42:15","date_gmt":"2025-05-08T11:42:15","guid":{"rendered":"https:\/\/www.facet.unt.edu.ar\/facetinforma\/?p=29032"},"modified":"2025-05-08T08:42:22","modified_gmt":"2025-05-08T11:42:22","slug":"la-facet-y-el-invap-refuerzan-sus-lazos-de-cooperacion","status":"publish","type":"post","link":"https:\/\/www.facet.unt.edu.ar\/facetinforma\/2025\/05\/08\/la-facet-y-el-invap-refuerzan-sus-lazos-de-cooperacion\/","title":{"rendered":"La FACET y el INVAP refuerzan sus lazos de cooperaci\u00f3n"},"content":{"rendered":"<div id=\"pl-29032\"  class=\"panel-layout\" ><div id=\"pg-29032-0\"  class=\"panel-grid panel-no-style\" ><div id=\"pgc-29032-0-0\"  class=\"panel-grid-cell\" ><div id=\"panel-29032-0-0-0\" class=\"so-panel widget widget_media_image panel-first-child panel-last-child\" data-index=\"0\" ><img width=\"1080\" height=\"1080\" src=\"https:\/\/www.facet.unt.edu.ar\/facetinforma\/wp-content\/uploads\/sites\/9\/2025\/05\/Diseno-sin-titulo-25.png\" class=\"image wp-image-29034  attachment-full size-full\" alt=\"\" decoding=\"async\" loading=\"lazy\" style=\"max-width: 100%; height: auto;\" \/><\/div><\/div><div id=\"pgc-29032-0-1\"  class=\"panel-grid-cell\" ><div id=\"panel-29032-0-1-0\" class=\"so-panel widget widget_sow-editor panel-first-child panel-last-child\" data-index=\"1\" ><div\n\t\t\t\n\t\t\tclass=\"so-widget-sow-editor so-widget-sow-editor-base\"\n\t\t\t\n\t\t>\n<div class=\"siteorigin-widget-tinymce textwidget\">\n\t<p><span style=\"font-weight: 400;\">El pasado lunes, el Ing. Juan Carlos Santana Sanchez, visit\u00f3 las instalaciones del INVAP y el Instituto Balseiro en San Carlos de Bariloche.Durante su recorrido, fue recibido por el Ing. Nicolas Renolfi, egresado de la FACET y subgerente de proyectos del \u00c1rea Espacial del INVAP; el ingeniero Iv\u00e1n Corin, gerente de estructuras y mec\u00e1nismos del \u00c1rea Aeroespacial y Gobierno ;y el Ingeniero Bruno Ruiz, egresado de la carrera de Ingenier\u00eda Mec\u00e1nica de nuestra Facultad.<\/span><\/p>\n<p><span style=\"font-weight: 400;\">A lo largo de la visita, el ingeniero Santana, repas\u00f3 diversas \u00e1reas de inter\u00e9s com\u00fan, con el prop\u00f3sito de fortalecer la cooperaci\u00f3n entre la FACET y esta prestigiosa empresa. Como parte del encuentro, se hizo entrega de un libro institucional, firmado por nuestro Decano, Dr. Miguel \u00c1ngel Cabrera, al Ing. Nicol\u00e1s Renolfi.<\/span><\/p>\n<p><span style=\"font-weight: 400;\">El intercambio result\u00f3 altamente positivo para consolidar v\u00ednculos con una empresa referente en excelencia tecnol\u00f3gica.<\/span><\/p>\n<p><span style=\"font-weight: 400;\">Cabe destacar que el INVAP es una empresa argentina, dedicada al dise\u00f1o, construcci\u00f3n y gesti\u00f3n de proyectos tecnol\u00f3gicos complejos en sectores como energ\u00eda nuclear, espacial, defensa, seguridad, ambiente y medicina. Fundada en 1976, ha logrado un crecimiento sostenido y un reconocimiento tanto a nivel nacional como internacional.<\/span><\/p>\n<\/div>\n<\/div><\/div><\/div><\/div><\/div>","protected":false},"excerpt":{"rendered":"<p>El pasado lunes, el Ing. Juan Carlos Santana Sanchez, visit\u00f3 las instalaciones del INVAP y el Instituto Balseiro en San Carlos de Bariloche.Durante su recorrido, fue recibido por el Ing. Nicolas Renolfi, egresado de la FACET y subgerente de proyectos del \u00c1rea Espacial del INVAP; el ingeniero Iv\u00e1n Corin, gerente de estructuras y mec\u00e1nismos del [&hellip;]<\/p>\n","protected":false},"author":123512,"featured_media":29034,"comment_status":"closed","ping_status":"closed","sticky":false,"template":"","format":"standard","meta":[],"categories":[1],"tags":[],"_links":{"self":[{"href":"https:\/\/www.facet.unt.edu.ar\/facetinforma\/wp-json\/wp\/v2\/posts\/29032"}],"collection":[{"href":"https:\/\/www.facet.unt.edu.ar\/facetinforma\/wp-json\/wp\/v2\/posts"}],"about":[{"href":"https:\/\/www.facet.unt.edu.ar\/facetinforma\/wp-json\/wp\/v2\/types\/post"}],"author":[{"embeddable":true,"href":"https:\/\/www.facet.unt.edu.ar\/facetinforma\/wp-json\/wp\/v2\/users\/123512"}],"replies":[{"embeddable":true,"href":"https:\/\/www.facet.unt.edu.ar\/facetinforma\/wp-json\/wp\/v2\/comments?post=29032"}],"version-history":[{"count":3,"href":"https:\/\/www.facet.unt.edu.ar\/facetinforma\/wp-json\/wp\/v2\/posts\/29032\/revisions"}],"predecessor-version":[{"id":29037,"href":"https:\/\/www.facet.unt.edu.ar\/facetinforma\/wp-json\/wp\/v2\/posts\/29032\/revisions\/29037"}],"wp:featuredmedia":[{"embeddable":true,"href":"https:\/\/www.facet.unt.edu.ar\/facetinforma\/wp-json\/wp\/v2\/media\/29034"}],"wp:attachment":[{"href":"https:\/\/www.facet.unt.edu.ar\/facetinforma\/wp-json\/wp\/v2\/media?parent=29032"}],"wp:term":[{"taxonomy":"category","embeddable":true,"href":"https:\/\/www.facet.unt.edu.ar\/facetinforma\/wp-json\/wp\/v2\/categories?post=29032"},{"taxonomy":"post_tag","embeddable":true,"href":"https:\/\/www.facet.unt.edu.ar\/facetinforma\/wp-json\/wp\/v2\/tags?post=29032"}],"curies":[{"name":"wp","href":"https:\/\/api.w.org\/{rel}","templated":true}]}}