{"id":29045,"date":"2025-05-12T08:27:14","date_gmt":"2025-05-12T11:27:14","guid":{"rendered":"https:\/\/www.facet.unt.edu.ar\/facetinforma\/?p=29045"},"modified":"2025-05-12T08:28:03","modified_gmt":"2025-05-12T11:28:03","slug":"reunion-del-codinoa-en-la-facet-un-encuentro-productivo","status":"publish","type":"post","link":"https:\/\/www.facet.unt.edu.ar\/facetinforma\/2025\/05\/12\/reunion-del-codinoa-en-la-facet-un-encuentro-productivo\/","title":{"rendered":"Reuni\u00f3n del CODINOA en la FACET: Un Encuentro Productivo"},"content":{"rendered":"<div id=\"pl-29045\"  class=\"panel-layout\" ><div id=\"pg-29045-0\"  class=\"panel-grid panel-no-style\" ><div id=\"pgc-29045-0-0\"  class=\"panel-grid-cell\" ><div id=\"panel-29045-0-0-0\" class=\"so-panel widget widget_media_image panel-first-child panel-last-child\" data-index=\"0\" ><img width=\"1280\" height=\"1280\" src=\"https:\/\/www.facet.unt.edu.ar\/facetinforma\/wp-content\/uploads\/sites\/9\/2025\/05\/WhatsApp-Image-2025-05-12-at-8.22.35-AM.jpeg\" class=\"image wp-image-29046  attachment-full size-full\" alt=\"\" decoding=\"async\" loading=\"lazy\" style=\"max-width: 100%; height: auto;\" \/><\/div><\/div><div id=\"pgc-29045-0-1\"  class=\"panel-grid-cell\" ><div id=\"panel-29045-0-1-0\" class=\"so-panel widget widget_sow-editor panel-first-child\" data-index=\"1\" ><div\n\t\t\t\n\t\t\tclass=\"so-widget-sow-editor so-widget-sow-editor-base\"\n\t\t\t\n\t\t>\n<div class=\"siteorigin-widget-tinymce textwidget\">\n\t<p><span style=\"font-weight: 400;\">El pasado 9 de mayo, en nuestra Facultad de Ciencias Exactas y Tecnolog\u00eda, se llev\u00f3 a cabo la 2\u00ba reuni\u00f3n anual del CODINOA (Consejo de Decanos de Ingenier\u00eda del NOA) formado por las Facultades de Ingenier\u00eda de las Universidades Nacionales de Tucum\u00e1n, Jujuy, Salta, Santiago del Estero y Catamarca.<\/span><\/p>\n<p><span style=\"font-weight: 400;\">Entre los objetivos que tiene el Consejo, se encuentran la b\u00fasqueda de soluciones comunes, la suma de esfuerzos y potencialidades de cada unidad acad\u00e9mica, el trabajo en red, la optimizaci\u00f3n de recursos -tanto humanos como f\u00edsicos-, la movilidad de alumnos y profesores y la formulaci\u00f3n de pol\u00edticas universitarias relacionadas con la Ingenier\u00eda con una visi\u00f3n desde el norte argentino hacia todo el pa\u00eds.<\/span><\/p>\n<p><span style=\"font-weight: 400;\">Adem\u00e1s de los decanos, paralelamente hubo reuniones de secretarios y secretarias acad\u00e9micos y secretarios y secretarias de Ciencia y T\u00e9cnica de cada una de las Facultades de Ingenier\u00eda.<\/span><\/p>\n<p><span style=\"font-weight: 400;\">El programa de actividades, dio inicio a las 9.30hs con la recepci\u00f3n de autoridades y las palabras de bienvenida.<\/span><\/p>\n<p><span style=\"font-weight: 400;\">Los decanos, entre los principales temas en agenda, trataron temas presupuestarios, an\u00e1lisis del<\/span><span style=\"font-weight: 400;\"> Sistema Argentino de Cr\u00e9ditos Acad\u00e9micos Universitarios, Rally Latinoamericano de innovaci\u00f3n 2025, entre otros.<\/span><\/p>\n<p><span style=\"font-weight: 400;\">Los secretarios y secretarias acad\u00e9micos, por su parte, entre otros aspectos, examinaron y organizaron la 1\u00ba Jornada de Socializaci\u00f3n de Experiencias Acad\u00e9micas Innovadoras, evaluaron los avances en la oferta de electivas de cada Facultad para este a\u00f1o lectivo.<\/span><\/p>\n<p><span style=\"font-weight: 400;\">En tanto, los secretarios y secretarias de Ciencia y T\u00e9cnica, hicieron foco en la organizaci\u00f3n del III Congreso de Ciencia y Tecnolog\u00eda del CODINOA y el dictado de cursos de posgrado compartidos entre carreras de posgrado de las distintas Unidades Acad\u00e9micas.<\/span><\/p>\n<\/div>\n<\/div><\/div><div id=\"panel-29045-0-1-1\" class=\"so-panel widget widget_sow-slider panel-last-child\" data-index=\"2\" ><div\n\t\t\t\n\t\t\tclass=\"so-widget-sow-slider so-widget-sow-slider-default-53fd0f98de19-29045\"\n\t\t\t\n\t\t><div class=\"sow-slider-base\" style=\"display: none\"><ul\n\t\t\t\t\tclass=\"sow-slider-images\"\n\t\t\t\t\tdata-settings=\"{&quot;pagination&quot;:true,&quot;speed&quot;:800,&quot;timeout&quot;:8000,&quot;paused&quot;:false,&quot;pause_on_hover&quot;:false,&quot;swipe&quot;:true,&quot;nav_always_show_desktop&quot;:&quot;&quot;,&quot;nav_always_show_mobile&quot;:&quot;&quot;,&quot;breakpoint&quot;:&quot;780px&quot;,&quot;unmute&quot;:false,&quot;anchor&quot;:null}\"\n\t\t\t\t\t\t\t\t\t\tdata-anchor-id=\"\"\n\t\t\t\t>\t\t<li class=\"sow-slider-image  sow-slider-image-cover\" style=\"visibility: visible;;background-image: url(https:\/\/www.facet.unt.edu.ar\/facetinforma\/wp-content\/uploads\/sites\/9\/2025\/05\/WhatsApp-Image-2025-05-12-at-8.23.01-AM.jpeg)\" >\n\t\t\t\t\t\t\t\t\t<img width=\"1280\" height=\"1280\" src=\"https:\/\/www.facet.unt.edu.ar\/facetinforma\/wp-content\/uploads\/sites\/9\/2025\/05\/WhatsApp-Image-2025-05-12-at-8.23.01-AM.jpeg\" class=\"sow-slider-background-image skip-lazy\" alt=\"\" decoding=\"async\" loading=\"eager\" \/>\t\t\t\t\t\t\t\t<\/li>\n\t\t\t\t<li class=\"sow-slider-image  sow-slider-image-cover\" style=\"visibility: hidden;;background-image: url(https:\/\/www.facet.unt.edu.ar\/facetinforma\/wp-content\/uploads\/sites\/9\/2025\/05\/WhatsApp-Image-2025-05-12-at-8.23.01-AM-2.jpeg)\" >\n\t\t\t\t\t\t\t\t\t<img width=\"1280\" height=\"1280\" src=\"https:\/\/www.facet.unt.edu.ar\/facetinforma\/wp-content\/uploads\/sites\/9\/2025\/05\/WhatsApp-Image-2025-05-12-at-8.23.01-AM-2.jpeg\" class=\"sow-slider-background-image skip-lazy\" alt=\"\" decoding=\"async\" loading=\"eager\" \/>\t\t\t\t\t\t\t\t<\/li>\n\t\t<\/ul>\t\t\t\t<ol class=\"sow-slider-pagination\">\n\t\t\t\t\t\t\t\t\t\t\t<li><a href=\"#\" data-goto=\"0\" aria-label=\"mostrar diapositiva 1\"><\/a><\/li>\n\t\t\t\t\t\t\t\t\t\t\t<li><a href=\"#\" data-goto=\"1\" aria-label=\"mostrar diapositiva 2\"><\/a><\/li>\n\t\t\t\t\t\t\t\t\t<\/ol>\n\n\t\t\t\t<div class=\"sow-slide-nav sow-slide-nav-next\">\n\t\t\t\t\t<a href=\"#\" data-goto=\"next\" aria-label=\"diapositiva siguiente\" data-action=\"next\">\n\t\t\t\t\t\t<em class=\"sow-sld-icon-thin-right\"><\/em>\n\t\t\t\t\t<\/a>\n\t\t\t\t<\/div>\n\n\t\t\t\t<div class=\"sow-slide-nav sow-slide-nav-prev\">\n\t\t\t\t\t<a href=\"#\" data-goto=\"previous\" aria-label=\"diapositiva anterior\" data-action=\"prev\">\n\t\t\t\t\t\t<em class=\"sow-sld-icon-thin-left\"><\/em>\n\t\t\t\t\t<\/a>\n\t\t\t\t<\/div>\n\t\t\t\t<\/div><\/div><\/div><\/div><\/div><\/div>","protected":false},"excerpt":{"rendered":"<p>El pasado 9 de mayo, en nuestra Facultad de Ciencias Exactas y Tecnolog\u00eda, se llev\u00f3 a cabo la 2\u00ba reuni\u00f3n anual del CODINOA (Consejo de Decanos de Ingenier\u00eda del NOA) formado por las Facultades de Ingenier\u00eda de las Universidades Nacionales de Tucum\u00e1n, Jujuy, Salta, Santiago del Estero y Catamarca. Entre los objetivos que tiene el [&hellip;]<\/p>\n","protected":false},"author":123512,"featured_media":29046,"comment_status":"closed","ping_status":"closed","sticky":false,"template":"","format":"standard","meta":[],"categories":[1],"tags":[45],"_links":{"self":[{"href":"https:\/\/www.facet.unt.edu.ar\/facetinforma\/wp-json\/wp\/v2\/posts\/29045"}],"collection":[{"href":"https:\/\/www.facet.unt.edu.ar\/facetinforma\/wp-json\/wp\/v2\/posts"}],"about":[{"href":"https:\/\/www.facet.unt.edu.ar\/facetinforma\/wp-json\/wp\/v2\/types\/post"}],"author":[{"embeddable":true,"href":"https:\/\/www.facet.unt.edu.ar\/facetinforma\/wp-json\/wp\/v2\/users\/123512"}],"replies":[{"embeddable":true,"href":"https:\/\/www.facet.unt.edu.ar\/facetinforma\/wp-json\/wp\/v2\/comments?post=29045"}],"version-history":[{"count":4,"href":"https:\/\/www.facet.unt.edu.ar\/facetinforma\/wp-json\/wp\/v2\/posts\/29045\/revisions"}],"predecessor-version":[{"id":29052,"href":"https:\/\/www.facet.unt.edu.ar\/facetinforma\/wp-json\/wp\/v2\/posts\/29045\/revisions\/29052"}],"wp:featuredmedia":[{"embeddable":true,"href":"https:\/\/www.facet.unt.edu.ar\/facetinforma\/wp-json\/wp\/v2\/media\/29046"}],"wp:attachment":[{"href":"https:\/\/www.facet.unt.edu.ar\/facetinforma\/wp-json\/wp\/v2\/media?parent=29045"}],"wp:term":[{"taxonomy":"category","embeddable":true,"href":"https:\/\/www.facet.unt.edu.ar\/facetinforma\/wp-json\/wp\/v2\/categories?post=29045"},{"taxonomy":"post_tag","embeddable":true,"href":"https:\/\/www.facet.unt.edu.ar\/facetinforma\/wp-json\/wp\/v2\/tags?post=29045"}],"curies":[{"name":"wp","href":"https:\/\/api.w.org\/{rel}","templated":true}]}}