{"id":29169,"date":"2025-05-30T08:34:20","date_gmt":"2025-05-30T11:34:20","guid":{"rendered":"https:\/\/www.facet.unt.edu.ar\/facetinforma\/?p=29169"},"modified":"2025-05-30T08:34:28","modified_gmt":"2025-05-30T11:34:28","slug":"orgullo-facet-estudiantes-obtienen-becas-del-programa-de-fundacion-ypf","status":"publish","type":"post","link":"https:\/\/www.facet.unt.edu.ar\/facetinforma\/2025\/05\/30\/orgullo-facet-estudiantes-obtienen-becas-del-programa-de-fundacion-ypf\/","title":{"rendered":"Orgullo FACET: Estudiantes obtienen Becas del Programa de Fundaci\u00f3n YPF"},"content":{"rendered":"<div id=\"pl-29169\"  class=\"panel-layout\" ><div id=\"pg-29169-0\"  class=\"panel-grid panel-no-style\" ><div id=\"pgc-29169-0-0\"  class=\"panel-grid-cell\" ><div id=\"panel-29169-0-0-0\" class=\"so-panel widget widget_media_image panel-first-child panel-last-child\" data-index=\"0\" ><img width=\"1080\" height=\"1080\" src=\"https:\/\/www.facet.unt.edu.ar\/facetinforma\/wp-content\/uploads\/sites\/9\/2025\/05\/Diseno-sin-titulo-30.png\" class=\"image wp-image-29171  attachment-full size-full\" alt=\"\" decoding=\"async\" loading=\"lazy\" style=\"max-width: 100%; height: auto;\" \/><\/div><\/div><div id=\"pgc-29169-0-1\"  class=\"panel-grid-cell\" ><div id=\"panel-29169-0-1-0\" class=\"so-panel widget widget_sow-editor panel-first-child panel-last-child\" data-index=\"1\" ><div\n\t\t\t\n\t\t\tclass=\"so-widget-sow-editor so-widget-sow-editor-base\"\n\t\t\t\n\t\t>\n<div class=\"siteorigin-widget-tinymce textwidget\">\n\t<p>La Fundaci\u00f3n YPF ha seleccionado a los 105 nuevos becarios que formar\u00e1n parte del Programa de Becas y 4 alumnos de la FACET, fueron beneficiados.<\/p>\n<p>Las becas tienen como objetivo contribuir a reconocer el esfuerzo acad\u00e9mico, garantizar condiciones igualitarias de acceso a la educaci\u00f3n, permanencia y egreso para los estudiantes con menores ingresos familiares de las provincias alcanzadas por esta convocatoria. Adem\u00e1s, busca favorecer la equidad de g\u00e9nero y la participaci\u00f3n de diversidades para aumentar su representaci\u00f3n en carreras en las que su matr\u00edcula es minoritaria. La duraci\u00f3n ser\u00e1 de 12 meses a partir de su otorgamiento con posibilidad de renovarse.<\/p>\n<div><span style=\"font-family: arial, helvetica, sans-serif;\"><b>Los alumnos seleccionados de nuestra instituci\u00f3n son:<\/b><\/span><\/div>\n<div><\/div>\n<div>\n<ul>\n<li>Abigail Brito de Ingenier\u00eda Geod\u00e9sica y Geof\u00edsica<\/li>\n<li>Agostina A. Yapur de Ingenier\u00eda Qu\u00edmica<\/li>\n<li>Roc\u00edo A. Dominguez de Ingenier\u00eda El\u00e9ctrica<\/li>\n<li>Gael G. Jurado de Ingenier\u00eda El\u00e9ctrica<\/li>\n<\/ul>\n<\/div>\n<div><\/div>\n<div><\/div>\n<div><b><i>\u00a0 \u00a0 \u00a0 \u00a0 \u00a0 \u00a0 \u00a0 \u00a0 \u00a0 \u00a0 \u00a0 \u00a0 \u00a0 \u00a0 \u00a0 \u00a0 \u00a0 \u00a0 \u00a0 \u00a0 \u00a0 \u00a0 \u00a0 \u00a0 \u00a0 \u00a0 \u00a0 \u00a0 \u00a0 \u00a0 \u00a0 \u00a1Son un verdadero ORGULLO FACET!<\/i><\/b><\/div>\n<\/div>\n<\/div><\/div><\/div><\/div><\/div>","protected":false},"excerpt":{"rendered":"<p>La Fundaci\u00f3n YPF ha seleccionado a los 105 nuevos becarios que formar\u00e1n parte del Programa de Becas y 4 alumnos de la FACET, fueron beneficiados. Las becas tienen como objetivo contribuir a reconocer el esfuerzo acad\u00e9mico, garantizar condiciones igualitarias de acceso a la educaci\u00f3n, permanencia y egreso para los estudiantes con menores ingresos familiares de [&hellip;]<\/p>\n","protected":false},"author":123512,"featured_media":29171,"comment_status":"closed","ping_status":"closed","sticky":false,"template":"","format":"standard","meta":[],"categories":[1],"tags":[],"_links":{"self":[{"href":"https:\/\/www.facet.unt.edu.ar\/facetinforma\/wp-json\/wp\/v2\/posts\/29169"}],"collection":[{"href":"https:\/\/www.facet.unt.edu.ar\/facetinforma\/wp-json\/wp\/v2\/posts"}],"about":[{"href":"https:\/\/www.facet.unt.edu.ar\/facetinforma\/wp-json\/wp\/v2\/types\/post"}],"author":[{"embeddable":true,"href":"https:\/\/www.facet.unt.edu.ar\/facetinforma\/wp-json\/wp\/v2\/users\/123512"}],"replies":[{"embeddable":true,"href":"https:\/\/www.facet.unt.edu.ar\/facetinforma\/wp-json\/wp\/v2\/comments?post=29169"}],"version-history":[{"count":7,"href":"https:\/\/www.facet.unt.edu.ar\/facetinforma\/wp-json\/wp\/v2\/posts\/29169\/revisions"}],"predecessor-version":[{"id":29178,"href":"https:\/\/www.facet.unt.edu.ar\/facetinforma\/wp-json\/wp\/v2\/posts\/29169\/revisions\/29178"}],"wp:featuredmedia":[{"embeddable":true,"href":"https:\/\/www.facet.unt.edu.ar\/facetinforma\/wp-json\/wp\/v2\/media\/29171"}],"wp:attachment":[{"href":"https:\/\/www.facet.unt.edu.ar\/facetinforma\/wp-json\/wp\/v2\/media?parent=29169"}],"wp:term":[{"taxonomy":"category","embeddable":true,"href":"https:\/\/www.facet.unt.edu.ar\/facetinforma\/wp-json\/wp\/v2\/categories?post=29169"},{"taxonomy":"post_tag","embeddable":true,"href":"https:\/\/www.facet.unt.edu.ar\/facetinforma\/wp-json\/wp\/v2\/tags?post=29169"}],"curies":[{"name":"wp","href":"https:\/\/api.w.org\/{rel}","templated":true}]}}