{"id":29204,"date":"2025-06-09T09:05:25","date_gmt":"2025-06-09T12:05:25","guid":{"rendered":"https:\/\/www.facet.unt.edu.ar\/facetinforma\/?p=29204"},"modified":"2025-06-09T09:05:32","modified_gmt":"2025-06-09T12:05:32","slug":"el-copit-estuvo-presente-en-la-facet-durante-la-semana-de-la-ingenieria","status":"publish","type":"post","link":"https:\/\/www.facet.unt.edu.ar\/facetinforma\/2025\/06\/09\/el-copit-estuvo-presente-en-la-facet-durante-la-semana-de-la-ingenieria\/","title":{"rendered":"El COPIT estuvo presente en la FACET durante la Semana de la Ingenier\u00eda"},"content":{"rendered":"<div id=\"pl-29204\"  class=\"panel-layout\" ><div id=\"pg-29204-0\"  class=\"panel-grid panel-no-style\" ><div id=\"pgc-29204-0-0\"  class=\"panel-grid-cell\" ><div id=\"panel-29204-0-0-0\" class=\"so-panel widget widget_media_image panel-first-child panel-last-child\" data-index=\"0\" ><img width=\"1080\" height=\"1080\" src=\"https:\/\/www.facet.unt.edu.ar\/facetinforma\/wp-content\/uploads\/sites\/9\/2025\/06\/Diseno-sin-titulo-33.png\" class=\"image wp-image-29205  attachment-full size-full\" alt=\"\" decoding=\"async\" loading=\"lazy\" style=\"max-width: 100%; height: auto;\" \/><\/div><\/div><div id=\"pgc-29204-0-1\"  class=\"panel-grid-cell\" ><div id=\"panel-29204-0-1-0\" class=\"so-panel widget widget_sow-editor panel-first-child\" data-index=\"1\" ><div\n\t\t\t\n\t\t\tclass=\"so-widget-sow-editor so-widget-sow-editor-base\"\n\t\t\t\n\t\t>\n<div class=\"siteorigin-widget-tinymce textwidget\">\n\t<p><span style=\"font-weight: 400;\">Los d\u00edas mi\u00e9rcoles 4 y jueves 5 de junio, por la tarde, en la FACET, miembros del Consejo Profesional de Ingenieros de Tucum\u00e1n (COPIT) disertaron charlas, en el marco de la \u201cSemana de la Ingenier\u00eda\u201d.<\/span><\/p>\n<p><span style=\"font-weight: 400;\">Trataron temas como:<\/span><\/p>\n<p><span style=\"font-weight: 400;\">El Ing. Jos\u00e9 Russo habl\u00f3 del cuidado del medio ambiente y c\u00f3mo impactan los residuos s\u00f3lidos urbanos.\u00a0<\/span><\/p>\n<p><span style=\"font-weight: 400;\">Por su parte el Ing. Omar Abraham explic\u00f3 que el\u00a0 COPIT es un punto de encuentro donde los colegas matriculados comparten experiencias, intercambian opiniones y analizan como profesionales los distintos temas de inter\u00e9s com\u00fan. A su vez a trav\u00e9s de cursos, conferencias y seminarios a cargo de distinguidos colegas y profesionales de otras disciplinas el matriculado recibe una actualizaci\u00f3n profesional de los \u00faltimos desarrollos tecnol\u00f3gicos y de las distintas facetas que hacen al ejercicio profesional y las necesidades laborales. El consejo mantiene contactos y relaciones con Organismos Gubernamentales y No Gubernamentales, Asociaciones Profesionales de otras disciplinas y con el \u00e1mbito Acad\u00e9mico en su conjunto, con la idea de una interrelaci\u00f3n fluida de terceros y para estimular el acercamiento con los futuros j\u00f3venes profesionales<\/span><\/p>\n<p><span style=\"font-weight: 400;\">El jueves el Ing. Dante Fernandez, explic\u00f3 c\u00f3mo se realiza la ejecuci\u00f3n de proyectos Kanban, siendo \u00e9sta una metodolog\u00eda de gesti\u00f3n de proyectos que se enfoca en la visualizaci\u00f3n del flujo de trabajo y la mejora continua. Se basa en tableros visuales donde las tareas se mueven a trav\u00e9s de diferentes columnas, representando su progreso. Permite a los equipos gestionar tareas, visualizar el flujo de trabajo, limitar el trabajo en curso y mejorar la eficiencia.<\/span><\/p>\n<p><span style=\"font-weight: 400;\">Y finaliz\u00f3 el Ing. Salvador Grifasi, disertando sobre la Ley de Seguridad El\u00e9ctrica.<\/span><\/p>\n<\/div>\n<\/div><\/div><div id=\"panel-29204-0-1-1\" class=\"so-panel widget widget_sow-slider panel-last-child\" data-index=\"2\" ><div\n\t\t\t\n\t\t\tclass=\"so-widget-sow-slider so-widget-sow-slider-default-53fd0f98de19-29204\"\n\t\t\t\n\t\t><div class=\"sow-slider-base\" style=\"display: none\"><ul\n\t\t\t\t\tclass=\"sow-slider-images\"\n\t\t\t\t\tdata-settings=\"{&quot;pagination&quot;:true,&quot;speed&quot;:800,&quot;timeout&quot;:8000,&quot;paused&quot;:false,&quot;pause_on_hover&quot;:false,&quot;swipe&quot;:true,&quot;nav_always_show_desktop&quot;:&quot;&quot;,&quot;nav_always_show_mobile&quot;:&quot;&quot;,&quot;breakpoint&quot;:&quot;780px&quot;,&quot;unmute&quot;:false,&quot;anchor&quot;:null}\"\n\t\t\t\t\t\t\t\t\t\tdata-anchor-id=\"\"\n\t\t\t\t>\t\t<li class=\"sow-slider-image  sow-slider-image-cover\" style=\"visibility: visible;;background-image: url(https:\/\/www.facet.unt.edu.ar\/facetinforma\/wp-content\/uploads\/sites\/9\/2025\/06\/WhatsApp-Image-2025-06-09-at-8.54.54-AM.jpeg)\" >\n\t\t\t\t\t\t\t\t\t<img width=\"1600\" height=\"1200\" src=\"https:\/\/www.facet.unt.edu.ar\/facetinforma\/wp-content\/uploads\/sites\/9\/2025\/06\/WhatsApp-Image-2025-06-09-at-8.54.54-AM.jpeg\" class=\"sow-slider-background-image skip-lazy\" alt=\"\" decoding=\"async\" loading=\"eager\" \/>\t\t\t\t\t\t\t\t<\/li>\n\t\t\t\t<li class=\"sow-slider-image  sow-slider-image-cover\" style=\"visibility: hidden;;background-image: url(https:\/\/www.facet.unt.edu.ar\/facetinforma\/wp-content\/uploads\/sites\/9\/2025\/06\/WhatsApp-Image-2025-06-09-at-8.55.18-AM.jpeg)\" >\n\t\t\t\t\t\t\t\t\t<img width=\"1200\" height=\"1600\" src=\"https:\/\/www.facet.unt.edu.ar\/facetinforma\/wp-content\/uploads\/sites\/9\/2025\/06\/WhatsApp-Image-2025-06-09-at-8.55.18-AM.jpeg\" class=\"sow-slider-background-image skip-lazy\" alt=\"\" decoding=\"async\" loading=\"eager\" \/>\t\t\t\t\t\t\t\t<\/li>\n\t\t\t\t<li class=\"sow-slider-image  sow-slider-image-cover\" style=\"visibility: hidden;;background-image: url(https:\/\/www.facet.unt.edu.ar\/facetinforma\/wp-content\/uploads\/sites\/9\/2025\/06\/WhatsApp-Image-2025-06-09-at-8.56.29-AM.jpeg)\" >\n\t\t\t\t\t\t\t\t\t<img width=\"960\" height=\"1280\" src=\"https:\/\/www.facet.unt.edu.ar\/facetinforma\/wp-content\/uploads\/sites\/9\/2025\/06\/WhatsApp-Image-2025-06-09-at-8.56.29-AM.jpeg\" class=\"sow-slider-background-image skip-lazy\" alt=\"\" decoding=\"async\" loading=\"eager\" \/>\t\t\t\t\t\t\t\t<\/li>\n\t\t<\/ul>\t\t\t\t<ol class=\"sow-slider-pagination\">\n\t\t\t\t\t\t\t\t\t\t\t<li><a href=\"#\" data-goto=\"0\" aria-label=\"mostrar diapositiva 1\"><\/a><\/li>\n\t\t\t\t\t\t\t\t\t\t\t<li><a href=\"#\" data-goto=\"1\" aria-label=\"mostrar diapositiva 2\"><\/a><\/li>\n\t\t\t\t\t\t\t\t\t\t\t<li><a href=\"#\" data-goto=\"2\" aria-label=\"mostrar diapositiva 3\"><\/a><\/li>\n\t\t\t\t\t\t\t\t\t<\/ol>\n\n\t\t\t\t<div class=\"sow-slide-nav sow-slide-nav-next\">\n\t\t\t\t\t<a href=\"#\" data-goto=\"next\" aria-label=\"diapositiva siguiente\" data-action=\"next\">\n\t\t\t\t\t\t<em class=\"sow-sld-icon-thin-right\"><\/em>\n\t\t\t\t\t<\/a>\n\t\t\t\t<\/div>\n\n\t\t\t\t<div class=\"sow-slide-nav sow-slide-nav-prev\">\n\t\t\t\t\t<a href=\"#\" data-goto=\"previous\" aria-label=\"diapositiva anterior\" data-action=\"prev\">\n\t\t\t\t\t\t<em class=\"sow-sld-icon-thin-left\"><\/em>\n\t\t\t\t\t<\/a>\n\t\t\t\t<\/div>\n\t\t\t\t<\/div><\/div><\/div><\/div><\/div><\/div>","protected":false},"excerpt":{"rendered":"<p>Los d\u00edas mi\u00e9rcoles 4 y jueves 5 de junio, por la tarde, en la FACET, miembros del Consejo Profesional de Ingenieros de Tucum\u00e1n (COPIT) disertaron charlas, en el marco de la \u201cSemana de la Ingenier\u00eda\u201d. Trataron temas como: El Ing. Jos\u00e9 Russo habl\u00f3 del cuidado del medio ambiente y c\u00f3mo impactan los residuos s\u00f3lidos urbanos.\u00a0 [&hellip;]<\/p>\n","protected":false},"author":123512,"featured_media":29205,"comment_status":"closed","ping_status":"closed","sticky":false,"template":"","format":"standard","meta":[],"categories":[1],"tags":[43],"_links":{"self":[{"href":"https:\/\/www.facet.unt.edu.ar\/facetinforma\/wp-json\/wp\/v2\/posts\/29204"}],"collection":[{"href":"https:\/\/www.facet.unt.edu.ar\/facetinforma\/wp-json\/wp\/v2\/posts"}],"about":[{"href":"https:\/\/www.facet.unt.edu.ar\/facetinforma\/wp-json\/wp\/v2\/types\/post"}],"author":[{"embeddable":true,"href":"https:\/\/www.facet.unt.edu.ar\/facetinforma\/wp-json\/wp\/v2\/users\/123512"}],"replies":[{"embeddable":true,"href":"https:\/\/www.facet.unt.edu.ar\/facetinforma\/wp-json\/wp\/v2\/comments?post=29204"}],"version-history":[{"count":6,"href":"https:\/\/www.facet.unt.edu.ar\/facetinforma\/wp-json\/wp\/v2\/posts\/29204\/revisions"}],"predecessor-version":[{"id":29214,"href":"https:\/\/www.facet.unt.edu.ar\/facetinforma\/wp-json\/wp\/v2\/posts\/29204\/revisions\/29214"}],"wp:featuredmedia":[{"embeddable":true,"href":"https:\/\/www.facet.unt.edu.ar\/facetinforma\/wp-json\/wp\/v2\/media\/29205"}],"wp:attachment":[{"href":"https:\/\/www.facet.unt.edu.ar\/facetinforma\/wp-json\/wp\/v2\/media?parent=29204"}],"wp:term":[{"taxonomy":"category","embeddable":true,"href":"https:\/\/www.facet.unt.edu.ar\/facetinforma\/wp-json\/wp\/v2\/categories?post=29204"},{"taxonomy":"post_tag","embeddable":true,"href":"https:\/\/www.facet.unt.edu.ar\/facetinforma\/wp-json\/wp\/v2\/tags?post=29204"}],"curies":[{"name":"wp","href":"https:\/\/api.w.org\/{rel}","templated":true}]}}