{"id":29269,"date":"2025-06-11T11:30:13","date_gmt":"2025-06-11T14:30:13","guid":{"rendered":"https:\/\/www.facet.unt.edu.ar\/facetinforma\/?p=29269"},"modified":"2025-06-11T11:31:23","modified_gmt":"2025-06-11T14:31:23","slug":"exactas-para-todos-2025","status":"publish","type":"post","link":"https:\/\/www.facet.unt.edu.ar\/facetinforma\/2025\/06\/11\/exactas-para-todos-2025\/","title":{"rendered":"&#8220;Exactas para Todos&#8221;: una muestra que acerca la ciencia y la tecnolog\u00eda a futuros universitarios"},"content":{"rendered":"<div id=\"pl-29269\"  class=\"panel-layout\" ><div id=\"pg-29269-0\"  class=\"panel-grid panel-no-style\" ><div id=\"pgc-29269-0-0\"  class=\"panel-grid-cell\" ><div id=\"panel-29269-0-0-0\" class=\"so-panel widget widget_media_image panel-first-child panel-last-child\" data-index=\"0\" ><img width=\"1280\" height=\"1280\" src=\"https:\/\/www.facet.unt.edu.ar\/facetinforma\/wp-content\/uploads\/sites\/9\/2025\/06\/WhatsApp-Image-2025-06-11-at-11.21.31-AM.jpeg\" class=\"image wp-image-29270  attachment-full size-full\" alt=\"\" decoding=\"async\" loading=\"lazy\" style=\"max-width: 100%; height: auto;\" \/><\/div><\/div><div id=\"pgc-29269-0-1\"  class=\"panel-grid-cell\" ><div id=\"panel-29269-0-1-0\" class=\"so-panel widget widget_sow-editor panel-first-child panel-last-child\" data-index=\"1\" ><div\n\t\t\t\n\t\t\tclass=\"so-widget-sow-editor so-widget-sow-editor-base\"\n\t\t\t\n\t\t>\n<div class=\"siteorigin-widget-tinymce textwidget\">\n\t<p><span style=\"font-weight: 400;\">Comenz\u00f3 el \u201cExactas para Todos\u201d. Del 11 al 13 de junio de 2025, la Facultad de Ciencias Exactas y Tecnolog\u00eda (FACET) de la Universidad Nacional de Tucum\u00e1n (UNT) exhibir\u00e1 su oferta acad\u00e9mica. Se trata de una muestra dirigida principalmente a estudiantes de secundario interesados en las carreras que ofrece la unidad acad\u00e9mica, pero que tambi\u00e9n est\u00e1 abierta al p\u00fablico interesado en general. \u201cExactas para Todos\u201d se realizar\u00e1 en el block 3 y 4 de nuestra Facultad.<\/span><\/p>\n<p><span style=\"font-weight: 400;\">La agenda de la edici\u00f3n de este a\u00f1o incluye una serie de charlas, de talleres y de visitas a los distintos laboratorios de la facultad. La idea es que los asistentes tengan una visi\u00f3n m\u00e1s clara de las actividades de investigaci\u00f3n, de docencia y de extensi\u00f3n que se desarrollan en ese \u00e1mbito de la UNT. La exhibici\u00f3n ser\u00e1 un buen lugar para descubrir las 20 carreras de la FACET en t\u00e9rminos del programa, de las incumbencias y, por qu\u00e9 no, de la salida laboral.<\/span><\/p>\n<\/div>\n<\/div><\/div><\/div><\/div><\/div>","protected":false},"excerpt":{"rendered":"<p>Comenz\u00f3 el \u201cExactas para Todos\u201d. Del 11 al 13 de junio de 2025, la Facultad de Ciencias Exactas y Tecnolog\u00eda (FACET) de la Universidad Nacional de Tucum\u00e1n (UNT) exhibir\u00e1 su oferta acad\u00e9mica. Se trata de una muestra dirigida principalmente a estudiantes de secundario interesados en las carreras que ofrece la unidad acad\u00e9mica, pero que tambi\u00e9n [&hellip;]<\/p>\n","protected":false},"author":123512,"featured_media":29270,"comment_status":"closed","ping_status":"closed","sticky":false,"template":"","format":"standard","meta":[],"categories":[1],"tags":[],"_links":{"self":[{"href":"https:\/\/www.facet.unt.edu.ar\/facetinforma\/wp-json\/wp\/v2\/posts\/29269"}],"collection":[{"href":"https:\/\/www.facet.unt.edu.ar\/facetinforma\/wp-json\/wp\/v2\/posts"}],"about":[{"href":"https:\/\/www.facet.unt.edu.ar\/facetinforma\/wp-json\/wp\/v2\/types\/post"}],"author":[{"embeddable":true,"href":"https:\/\/www.facet.unt.edu.ar\/facetinforma\/wp-json\/wp\/v2\/users\/123512"}],"replies":[{"embeddable":true,"href":"https:\/\/www.facet.unt.edu.ar\/facetinforma\/wp-json\/wp\/v2\/comments?post=29269"}],"version-history":[{"count":5,"href":"https:\/\/www.facet.unt.edu.ar\/facetinforma\/wp-json\/wp\/v2\/posts\/29269\/revisions"}],"predecessor-version":[{"id":29275,"href":"https:\/\/www.facet.unt.edu.ar\/facetinforma\/wp-json\/wp\/v2\/posts\/29269\/revisions\/29275"}],"wp:featuredmedia":[{"embeddable":true,"href":"https:\/\/www.facet.unt.edu.ar\/facetinforma\/wp-json\/wp\/v2\/media\/29270"}],"wp:attachment":[{"href":"https:\/\/www.facet.unt.edu.ar\/facetinforma\/wp-json\/wp\/v2\/media?parent=29269"}],"wp:term":[{"taxonomy":"category","embeddable":true,"href":"https:\/\/www.facet.unt.edu.ar\/facetinforma\/wp-json\/wp\/v2\/categories?post=29269"},{"taxonomy":"post_tag","embeddable":true,"href":"https:\/\/www.facet.unt.edu.ar\/facetinforma\/wp-json\/wp\/v2\/tags?post=29269"}],"curies":[{"name":"wp","href":"https:\/\/api.w.org\/{rel}","templated":true}]}}