{"id":29276,"date":"2025-06-13T08:46:38","date_gmt":"2025-06-13T11:46:38","guid":{"rendered":"https:\/\/www.facet.unt.edu.ar\/facetinforma\/?p=29276"},"modified":"2025-06-13T08:46:45","modified_gmt":"2025-06-13T11:46:45","slug":"en-la-facet-se-desarrollo-con-exito-la-conferencia-industria-4-0-y-robotica-aplicada-a-procesos-metalurgicos","status":"publish","type":"post","link":"https:\/\/www.facet.unt.edu.ar\/facetinforma\/2025\/06\/13\/en-la-facet-se-desarrollo-con-exito-la-conferencia-industria-4-0-y-robotica-aplicada-a-procesos-metalurgicos\/","title":{"rendered":"En la FACET se desarroll\u00f3 con \u00e9xito la Conferencia: Industria 4.0 y Rob\u00f3tica Aplicada a Procesos Metal\u00fargicos"},"content":{"rendered":"<div id=\"pl-29276\"  class=\"panel-layout\" ><div id=\"pg-29276-0\"  class=\"panel-grid panel-no-style\" ><div id=\"pgc-29276-0-0\"  class=\"panel-grid-cell\" ><div id=\"panel-29276-0-0-0\" class=\"so-panel widget widget_media_image panel-first-child panel-last-child\" data-index=\"0\" ><img width=\"1280\" height=\"1280\" src=\"https:\/\/www.facet.unt.edu.ar\/facetinforma\/wp-content\/uploads\/sites\/9\/2025\/06\/WhatsApp-Image-2025-06-13-at-8.33.14-AM.jpeg\" class=\"image wp-image-29278  attachment-full size-full\" alt=\"\" decoding=\"async\" loading=\"lazy\" style=\"max-width: 100%; height: auto;\" \/><\/div><\/div><div id=\"pgc-29276-0-1\"  class=\"panel-grid-cell\" ><div id=\"panel-29276-0-1-0\" class=\"so-panel widget widget_sow-editor panel-first-child\" data-index=\"1\" ><div\n\t\t\t\n\t\t\tclass=\"so-widget-sow-editor so-widget-sow-editor-base\"\n\t\t\t\n\t\t>\n<div class=\"siteorigin-widget-tinymce textwidget\">\n\t<p><span style=\"font-weight: 400;\">En la tarde de ayer, en el Anfiteatro \u201cDra. Elisa Colombo\u201d de la FACET, se realiz\u00f3 la conferencia \u201cIndustria 4.0 y Rob\u00f3tica Aplicada a Proceso Metal\u00fargicos\u201d.<\/span><\/p>\n<p><span style=\"font-weight: 400;\">Fue una actividad especial en el marco del Mes de la Ingenier\u00eda, organizada por nuestra Facultad, en conjunto con el Gobierno de Tucum\u00e1n y el Gobierno de Catamarca.<\/span><\/p>\n<p><span style=\"font-weight: 400;\">Con la conferencia, se busc\u00f3 abrir un espacio de di\u00e1logo entre el \u00e1mbito acad\u00e9mico, el sector p\u00fablico y el entramado productivo de nuestra regi\u00f3n, considerando que es una tem\u00e1tica clave para el futuro de nuestra industria regional, permitiendo la transformaci\u00f3n digital y la automatizaci\u00f3n de los procesos productivos.<\/span><\/p>\n<p><span style=\"font-weight: 400;\">Estuvieron presentes el Rector de la UNT, Ing. Sergio Pagani, el decano de la FACET,, Dr. Ing. Miguel \u00c1ngel Cabrera, el vicegobernador de la provincia de Catamarca, Ing. Ruben Dusso, la Secretaria de estado de relaciones internacionales y empresariales, Dra. Virginia \u00c1vila y el Ing. Alejandro Pedrosa.<\/span><\/p>\n<p><span style=\"font-weight: 400;\">Acompa\u00f1aron Autoridades de la Provincia de Catamarca, de Tucum\u00e1n, representantes del sector empresarial, la Uni\u00f3n Industrial de Tucum\u00e1n, la Federaci\u00f3n Econ\u00f3mica de Tucum\u00e1n, la C\u00e1mara de Industriales Metal\u00fargicos de Tucum\u00e1n, el Consejo Profesional de la Ingenier\u00eda de Tucum\u00e1n, el CONICET, el INTI, la U.T.N, docentes de la FACET, no docentes, egresados y alumnos.<\/span><\/p>\n<p><span style=\"font-weight: 400;\">La disertaci\u00f3n estuvo a cargo del Ingeniero Alejandro Pedrosa, fundador y presidente de Prodismo SRL, una empresa cordobesa con m\u00e1s de cinco d\u00e9cadas de trayectoria en innovaci\u00f3n aplicada a la metalmec\u00e1nica y a sectores estrat\u00e9gicos como la miner\u00eda, la maquinaria agr\u00edcola y la industria del transporte.<\/span><\/p>\n<p><span style=\"font-weight: 400;\">Este evento fue un valioso aporte al desarrollo industrial, eficiente y competitivo del NOA.<\/span><\/p>\n<\/div>\n<\/div><\/div><div id=\"panel-29276-0-1-1\" class=\"so-panel widget widget_sow-slider panel-last-child\" data-index=\"2\" ><div\n\t\t\t\n\t\t\tclass=\"so-widget-sow-slider so-widget-sow-slider-default-53fd0f98de19-29276\"\n\t\t\t\n\t\t><div class=\"sow-slider-base\" style=\"display: none\"><ul\n\t\t\t\t\tclass=\"sow-slider-images\"\n\t\t\t\t\tdata-settings=\"{&quot;pagination&quot;:true,&quot;speed&quot;:800,&quot;timeout&quot;:8000,&quot;paused&quot;:false,&quot;pause_on_hover&quot;:false,&quot;swipe&quot;:true,&quot;nav_always_show_desktop&quot;:&quot;&quot;,&quot;nav_always_show_mobile&quot;:&quot;&quot;,&quot;breakpoint&quot;:&quot;780px&quot;,&quot;unmute&quot;:false,&quot;anchor&quot;:null}\"\n\t\t\t\t\t\t\t\t\t\tdata-anchor-id=\"\"\n\t\t\t\t>\t\t<li class=\"sow-slider-image  sow-slider-image-cover\" style=\"visibility: visible;;background-image: url(https:\/\/www.facet.unt.edu.ar\/facetinforma\/wp-content\/uploads\/sites\/9\/2025\/06\/WhatsApp-Image-2025-06-13-at-8.33.41-AM.jpeg)\" >\n\t\t\t\t\t\t\t\t\t<img width=\"720\" height=\"1280\" src=\"https:\/\/www.facet.unt.edu.ar\/facetinforma\/wp-content\/uploads\/sites\/9\/2025\/06\/WhatsApp-Image-2025-06-13-at-8.33.41-AM.jpeg\" class=\"sow-slider-background-image skip-lazy\" alt=\"\" decoding=\"async\" loading=\"eager\" \/>\t\t\t\t\t\t\t\t<\/li>\n\t\t\t\t<li class=\"sow-slider-image  sow-slider-image-cover\" style=\"visibility: hidden;;background-image: url(https:\/\/www.facet.unt.edu.ar\/facetinforma\/wp-content\/uploads\/sites\/9\/2025\/06\/WhatsApp-Image-2025-06-13-at-8.33.47-AM.jpeg)\" >\n\t\t\t\t\t\t\t\t\t<img width=\"720\" height=\"1280\" src=\"https:\/\/www.facet.unt.edu.ar\/facetinforma\/wp-content\/uploads\/sites\/9\/2025\/06\/WhatsApp-Image-2025-06-13-at-8.33.47-AM.jpeg\" class=\"sow-slider-background-image skip-lazy\" alt=\"\" decoding=\"async\" loading=\"eager\" \/>\t\t\t\t\t\t\t\t<\/li>\n\t\t\t\t<li class=\"sow-slider-image  sow-slider-image-cover\" style=\"visibility: hidden;;background-image: url(https:\/\/www.facet.unt.edu.ar\/facetinforma\/wp-content\/uploads\/sites\/9\/2025\/06\/WhatsApp-Image-2025-06-13-at-8.33.22-AM.jpeg)\" >\n\t\t\t\t\t\t\t\t\t<img width=\"1280\" height=\"1280\" src=\"https:\/\/www.facet.unt.edu.ar\/facetinforma\/wp-content\/uploads\/sites\/9\/2025\/06\/WhatsApp-Image-2025-06-13-at-8.33.22-AM.jpeg\" class=\"sow-slider-background-image skip-lazy\" alt=\"\" decoding=\"async\" loading=\"eager\" \/>\t\t\t\t\t\t\t\t<\/li>\n\t\t<\/ul>\t\t\t\t<ol class=\"sow-slider-pagination\">\n\t\t\t\t\t\t\t\t\t\t\t<li><a href=\"#\" data-goto=\"0\" aria-label=\"mostrar diapositiva 1\"><\/a><\/li>\n\t\t\t\t\t\t\t\t\t\t\t<li><a href=\"#\" data-goto=\"1\" aria-label=\"mostrar diapositiva 2\"><\/a><\/li>\n\t\t\t\t\t\t\t\t\t\t\t<li><a href=\"#\" data-goto=\"2\" aria-label=\"mostrar diapositiva 3\"><\/a><\/li>\n\t\t\t\t\t\t\t\t\t<\/ol>\n\n\t\t\t\t<div class=\"sow-slide-nav sow-slide-nav-next\">\n\t\t\t\t\t<a href=\"#\" data-goto=\"next\" aria-label=\"diapositiva siguiente\" data-action=\"next\">\n\t\t\t\t\t\t<em class=\"sow-sld-icon-thin-right\"><\/em>\n\t\t\t\t\t<\/a>\n\t\t\t\t<\/div>\n\n\t\t\t\t<div class=\"sow-slide-nav sow-slide-nav-prev\">\n\t\t\t\t\t<a href=\"#\" data-goto=\"previous\" aria-label=\"diapositiva anterior\" data-action=\"prev\">\n\t\t\t\t\t\t<em class=\"sow-sld-icon-thin-left\"><\/em>\n\t\t\t\t\t<\/a>\n\t\t\t\t<\/div>\n\t\t\t\t<\/div><\/div><\/div><\/div><\/div><\/div>","protected":false},"excerpt":{"rendered":"<p>En la tarde de ayer, en el Anfiteatro \u201cDra. Elisa Colombo\u201d de la FACET, se realiz\u00f3 la conferencia \u201cIndustria 4.0 y Rob\u00f3tica Aplicada a Proceso Metal\u00fargicos\u201d. Fue una actividad especial en el marco del Mes de la Ingenier\u00eda, organizada por nuestra Facultad, en conjunto con el Gobierno de Tucum\u00e1n y el Gobierno de Catamarca. Con [&hellip;]<\/p>\n","protected":false},"author":123512,"featured_media":29278,"comment_status":"closed","ping_status":"closed","sticky":false,"template":"","format":"standard","meta":[],"categories":[1],"tags":[43],"_links":{"self":[{"href":"https:\/\/www.facet.unt.edu.ar\/facetinforma\/wp-json\/wp\/v2\/posts\/29276"}],"collection":[{"href":"https:\/\/www.facet.unt.edu.ar\/facetinforma\/wp-json\/wp\/v2\/posts"}],"about":[{"href":"https:\/\/www.facet.unt.edu.ar\/facetinforma\/wp-json\/wp\/v2\/types\/post"}],"author":[{"embeddable":true,"href":"https:\/\/www.facet.unt.edu.ar\/facetinforma\/wp-json\/wp\/v2\/users\/123512"}],"replies":[{"embeddable":true,"href":"https:\/\/www.facet.unt.edu.ar\/facetinforma\/wp-json\/wp\/v2\/comments?post=29276"}],"version-history":[{"count":6,"href":"https:\/\/www.facet.unt.edu.ar\/facetinforma\/wp-json\/wp\/v2\/posts\/29276\/revisions"}],"predecessor-version":[{"id":29287,"href":"https:\/\/www.facet.unt.edu.ar\/facetinforma\/wp-json\/wp\/v2\/posts\/29276\/revisions\/29287"}],"wp:featuredmedia":[{"embeddable":true,"href":"https:\/\/www.facet.unt.edu.ar\/facetinforma\/wp-json\/wp\/v2\/media\/29278"}],"wp:attachment":[{"href":"https:\/\/www.facet.unt.edu.ar\/facetinforma\/wp-json\/wp\/v2\/media?parent=29276"}],"wp:term":[{"taxonomy":"category","embeddable":true,"href":"https:\/\/www.facet.unt.edu.ar\/facetinforma\/wp-json\/wp\/v2\/categories?post=29276"},{"taxonomy":"post_tag","embeddable":true,"href":"https:\/\/www.facet.unt.edu.ar\/facetinforma\/wp-json\/wp\/v2\/tags?post=29276"}],"curies":[{"name":"wp","href":"https:\/\/api.w.org\/{rel}","templated":true}]}}