{"id":29470,"date":"2025-08-19T09:50:12","date_gmt":"2025-08-19T12:50:12","guid":{"rendered":"https:\/\/www.facet.unt.edu.ar\/facetinforma\/?p=29470"},"modified":"2025-08-19T10:03:28","modified_gmt":"2025-08-19T13:03:28","slug":"foro-internacional-tecnologias-y-bosques-en-la-facet-referentes-latinoamericanos-visitaran-tucuman","status":"publish","type":"post","link":"https:\/\/www.facet.unt.edu.ar\/facetinforma\/2025\/08\/19\/foro-internacional-tecnologias-y-bosques-en-la-facet-referentes-latinoamericanos-visitaran-tucuman\/","title":{"rendered":"Foro Internacional \u201cBosques y Tecnolog\u00eda\u201d en la FACET: referentes latinoamericanos visitar\u00e1n Tucum\u00e1n"},"content":{"rendered":"<div id=\"pl-29470\"  class=\"panel-layout\" ><div id=\"pg-29470-0\"  class=\"panel-grid panel-no-style\" ><div id=\"pgc-29470-0-0\"  class=\"panel-grid-cell\" ><div id=\"panel-29470-0-0-0\" class=\"so-panel widget widget_media_image panel-first-child\" data-index=\"0\" ><img width=\"1080\" height=\"1080\" src=\"https:\/\/www.facet.unt.edu.ar\/facetinforma\/wp-content\/uploads\/sites\/9\/2025\/08\/IMAGEN-FACET-INFORMA-2-1.png\" class=\"image wp-image-29471  attachment-full size-full\" alt=\"\" decoding=\"async\" loading=\"lazy\" style=\"max-width: 100%; height: auto;\" \/><\/div><div id=\"panel-29470-0-0-1\" class=\"so-panel widget widget_sow-button panel-last-child\" data-index=\"1\" ><div\n\t\t\t\n\t\t\tclass=\"so-widget-sow-button so-widget-sow-button-flat-b75623f1357b-29470\"\n\t\t\t\n\t\t><div class=\"ow-button-base ow-button-align-center\">\n\t<a href=\"https:\/\/docs.google.com\/forms\/d\/e\/1FAIpQLSdzls3FzONRlqabGHLcPMUZ30VbIZc5hocIjEBOIXebTGH3Jg\/viewform\" class=\"ow-icon-placement-left ow-button-hover\" target=\"_blank\" rel=\"noopener noreferrer\" \t\t>\n\t\t<span>\n\t\t\t\n\t\t\tINSCRIPCI\u00d3N AL FORO\t\t<\/span>\n\t<\/a>\n<\/div>\n<\/div><\/div><\/div><div id=\"pgc-29470-0-1\"  class=\"panel-grid-cell\" ><div id=\"panel-29470-0-1-0\" class=\"so-panel widget widget_sow-editor panel-first-child panel-last-child\" data-index=\"2\" ><div\n\t\t\t\n\t\t\tclass=\"so-widget-sow-editor so-widget-sow-editor-base\"\n\t\t\t\n\t\t>\n<div class=\"siteorigin-widget-tinymce textwidget\">\n\t<p><span style=\"font-weight: 400;\">Entre el 25 y el 28 de agosto de 2025, Tucum\u00e1n ser\u00e1 sede de una importante agenda de actividades vinculadas al Bosque Modelo Tucum\u00e1n, en el marco del Programa de Fortalecimiento de Gobernanza Territorial.<\/span><\/p>\n<p><span style=\"font-weight: 400;\">Durante estos d\u00edas, nuestra provincia recibir\u00e1 la visita de dos referentes de gran prestigio internacional: el M.Sc. Fernando Carrera Gambetta, gerente de la Red Latinoamericana de Bosques Modelo, y el Bi\u00f3logo Sim\u00f3n Torres Gaviria, especialista en manejo de bosques tropicales. Ambos investigadores forman parte del Centro Agron\u00f3mico Tropical de Investigaci\u00f3n y Ense\u00f1anza (CATIE), instituci\u00f3n referente a nivel continental en estudios ambientales y de sustentabilidad con sede en Costa Rica.<\/span><\/p>\n<p><strong><em>Una agenda de trabajo con visi\u00f3n integral<\/em><\/strong><\/p>\n<p><span style=\"font-weight: 400;\">La visita incluye recorridos por el territorio del Bosque Modelo Tucum\u00e1n junto a referentes locales, con el prop\u00f3sito de fortalecer la articulaci\u00f3n entre actores sociales, productivos, cient\u00edficos e institucionales que participan de este espacio de gobernanza.<\/span><\/p>\n<p><span style=\"font-weight: 400;\">En paralelo, la FACET el 26 de agosto, ser\u00e1 anfitriona del Foro \u201cBosques y Tecnolog\u00eda\u201d, concebido como un \u00e1mbito acad\u00e9mico y de intercambio intersectorial orientado a promover el debate sobre el uso de tecnolog\u00edas para el monitoreo y gesti\u00f3n de bosques. En este encuentro, que comenzar\u00e1 a las 10 hs en el Anf. Dra. Elisa Colombo de nuestra Facultad, se abordar\u00e1 de manera particular el impacto que estas herramientas pueden tener en la sustentabilidad y sostenibilidad de los ecosistemas naturales de la regi\u00f3n, en un marco de di\u00e1logo inclusivo y participativo.<\/span><\/p>\n<p><strong><em>Trayectoria de los invitados internacionales<\/em><\/strong><\/p>\n<ul>\n<li><span style=\"font-weight: 400;\">Fernando Carrera Gambetta es M\u00e1ster en Ciencias Agrarias y Recursos Naturales, con especializaci\u00f3n en Manejo, Restauraci\u00f3n de Bosques y Gobernanzas Forestales. Actualmente se desempe\u00f1a como Gerente de la Red Latinoamericana de Bosques Modelo, en la Unidad de Acci\u00f3n Clim\u00e1tica \u2013 Direcci\u00f3n de Investigaci\u00f3n de CATIE, Turrialba, Costa Rica.<\/span><\/li>\n<li><span style=\"font-weight: 400;\">Sim\u00f3n Torres Gaviria es Bi\u00f3logo y especialista en Manejo de Bosques Tropicales, miembro de la Red Latinoamericana de Bosques Modelo (RLABM) y docente-investigador del CATIE, en Cartago, Costa Rica.<\/span><\/li>\n<\/ul>\n<p><strong><em>Bosque Modelo: una plataforma de gobernanza territorial<\/em><\/strong><\/p>\n<p><span style=\"font-weight: 400;\">El concepto de Bosque Modelo constituye una plataforma de gobernanza territorial y de gesti\u00f3n participativa e inclusiva, basada en el consenso y en la articulaci\u00f3n de m\u00faltiples voluntades para el desarrollo sustentable. Su propuesta busca integrar de manera arm\u00f3nica la conservaci\u00f3n ambiental con el desarrollo econ\u00f3mico y social, bajo una visi\u00f3n integral del paisaje.<\/span><\/p>\n<p><span style=\"font-weight: 400;\">La realizaci\u00f3n de este foro y la visita de expertos internacionales representan una oportunidad \u00fanica para fortalecer las capacidades locales, consolidar el trabajo colaborativo y proyectar a la provincia de Tucum\u00e1n como un referente regional en la gesti\u00f3n sostenible de sus ecosistemas.<\/span><\/p>\n<\/div>\n<\/div><\/div><\/div><\/div><\/div>","protected":false},"excerpt":{"rendered":"<p>Entre el 25 y el 28 de agosto de 2025, Tucum\u00e1n ser\u00e1 sede de una importante agenda de actividades vinculadas al Bosque Modelo Tucum\u00e1n, en el marco del Programa de Fortalecimiento de Gobernanza Territorial. Durante estos d\u00edas, nuestra provincia recibir\u00e1 la visita de dos referentes de gran prestigio internacional: el M.Sc. Fernando Carrera Gambetta, gerente [&hellip;]<\/p>\n","protected":false},"author":123512,"featured_media":29471,"comment_status":"closed","ping_status":"closed","sticky":false,"template":"","format":"standard","meta":[],"categories":[1],"tags":[],"_links":{"self":[{"href":"https:\/\/www.facet.unt.edu.ar\/facetinforma\/wp-json\/wp\/v2\/posts\/29470"}],"collection":[{"href":"https:\/\/www.facet.unt.edu.ar\/facetinforma\/wp-json\/wp\/v2\/posts"}],"about":[{"href":"https:\/\/www.facet.unt.edu.ar\/facetinforma\/wp-json\/wp\/v2\/types\/post"}],"author":[{"embeddable":true,"href":"https:\/\/www.facet.unt.edu.ar\/facetinforma\/wp-json\/wp\/v2\/users\/123512"}],"replies":[{"embeddable":true,"href":"https:\/\/www.facet.unt.edu.ar\/facetinforma\/wp-json\/wp\/v2\/comments?post=29470"}],"version-history":[{"count":11,"href":"https:\/\/www.facet.unt.edu.ar\/facetinforma\/wp-json\/wp\/v2\/posts\/29470\/revisions"}],"predecessor-version":[{"id":29483,"href":"https:\/\/www.facet.unt.edu.ar\/facetinforma\/wp-json\/wp\/v2\/posts\/29470\/revisions\/29483"}],"wp:featuredmedia":[{"embeddable":true,"href":"https:\/\/www.facet.unt.edu.ar\/facetinforma\/wp-json\/wp\/v2\/media\/29471"}],"wp:attachment":[{"href":"https:\/\/www.facet.unt.edu.ar\/facetinforma\/wp-json\/wp\/v2\/media?parent=29470"}],"wp:term":[{"taxonomy":"category","embeddable":true,"href":"https:\/\/www.facet.unt.edu.ar\/facetinforma\/wp-json\/wp\/v2\/categories?post=29470"},{"taxonomy":"post_tag","embeddable":true,"href":"https:\/\/www.facet.unt.edu.ar\/facetinforma\/wp-json\/wp\/v2\/tags?post=29470"}],"curies":[{"name":"wp","href":"https:\/\/api.w.org\/{rel}","templated":true}]}}