{"id":29496,"date":"2025-08-22T11:59:44","date_gmt":"2025-08-22T14:59:44","guid":{"rendered":"https:\/\/www.facet.unt.edu.ar\/facetinforma\/?p=29496"},"modified":"2025-08-22T11:59:51","modified_gmt":"2025-08-22T14:59:51","slug":"facet-lidera-el-desarrollo-de-tecnologias-inclusivas-y-entregara-dispositivos-innovadores","status":"publish","type":"post","link":"https:\/\/www.facet.unt.edu.ar\/facetinforma\/2025\/08\/22\/facet-lidera-el-desarrollo-de-tecnologias-inclusivas-y-entregara-dispositivos-innovadores\/","title":{"rendered":"FACET lidera el desarrollo de tecnolog\u00edas inclusivas y entregar\u00e1 dispositivos innovadores"},"content":{"rendered":"<div id=\"pl-29496\"  class=\"panel-layout\" ><div id=\"pg-29496-0\"  class=\"panel-grid panel-no-style\" ><div id=\"pgc-29496-0-0\"  class=\"panel-grid-cell\" ><div id=\"panel-29496-0-0-0\" class=\"so-panel widget widget_media_image panel-first-child panel-last-child\" data-index=\"0\" ><img width=\"1080\" height=\"1080\" src=\"https:\/\/www.facet.unt.edu.ar\/facetinforma\/wp-content\/uploads\/sites\/9\/2025\/08\/IMAGEN-FACET-INFORMA-4.png\" class=\"image wp-image-29497  attachment-full size-full\" alt=\"\" decoding=\"async\" loading=\"lazy\" style=\"max-width: 100%; height: auto;\" \/><\/div><\/div><div id=\"pgc-29496-0-1\"  class=\"panel-grid-cell\" ><div id=\"panel-29496-0-1-0\" class=\"so-panel widget widget_sow-editor panel-first-child\" data-index=\"1\" ><div\n\t\t\t\n\t\t\tclass=\"so-widget-sow-editor so-widget-sow-editor-base\"\n\t\t\t\n\t\t>\n<div class=\"siteorigin-widget-tinymce textwidget\">\n\t<p><em>La Facultad de Ciencias Exactas y Tecnolog\u00eda de la UNT presentar\u00e1 avances del proyecto \u201cTecnolog\u00edas e Innovaci\u00f3n para la Inclusi\u00f3n\u201d, que busca garantizar el acceso a herramientas de comunicaci\u00f3n para personas con discapacidad.<\/em><\/p>\n<p>&nbsp;<\/p>\n<p>El pr\u00f3ximo 2 de septiembre, a las 10:00 horas, se realizar\u00e1 en la Sala de Audiovisuales del Block 3 (primer piso) de la Facultad de Ciencias Exactas y Tecnolog\u00eda (FACET) de la Universidad Nacional de Tucum\u00e1n (UNT) el acto de entrega de dispositivos desarrollados en el marco del programa \u201cTecnolog\u00edas e Innovaci\u00f3n para la Inclusi\u00f3n\u201d.<\/p>\n<p>Este proyecto tiene como objetivo la creaci\u00f3n de un Laboratorio Interdisciplinario de Biomec\u00e1nica para la Inclusi\u00f3n, orientado al dise\u00f1o y producci\u00f3n de tecnolog\u00edas asistivas para personas con discapacidad. Entre los avances m\u00e1s relevantes se encuentran los Sistemas Aumentativos y Alternativos de Comunicaci\u00f3n (SAAC), herramientas que permiten mejorar la comunicaci\u00f3n de personas con discapacidad neuromotora.<\/p>\n<p>En el mercado internacional, este tipo de tecnolog\u00eda implica altos costos, lo que la hace casi inaccesible en Tucum\u00e1n, el NOA y gran parte de Argentina. El proyecto liderado por la FACET busca reducir esta brecha tecnol\u00f3gica y promover la inclusi\u00f3n social y educativa, brindando soluciones adaptadas a las necesidades de cada usuario.<\/p>\n<p>La entrega de estos dispositivos no solo supone proveer tecnolog\u00eda, sino tambi\u00e9n personalizarla para cada persona, un desaf\u00edo que requiere la articulaci\u00f3n de equipos interdisciplinarios, familias y entornos educativos.<\/p>\n<p>El evento tambi\u00e9n servir\u00e1 para presentar experiencias concretas, como la de un estudiante con par\u00e1lisis cerebral severa, cuyos avances gracias al uso de dispositivos de alta complejidad son objeto de investigaci\u00f3n dentro del proyecto.<\/p>\n<p>Con esta iniciativa, la FACET reafirma su compromiso con la innovaci\u00f3n, la equidad y la inclusi\u00f3n, contribuyendo a mejorar la calidad de vida de quienes m\u00e1s lo necesitan.<\/p>\n<\/div>\n<\/div><\/div><div id=\"panel-29496-0-1-1\" class=\"so-panel widget widget_sow-slider panel-last-child\" data-index=\"2\" ><div\n\t\t\t\n\t\t\tclass=\"so-widget-sow-slider so-widget-sow-slider-default-53fd0f98de19-29496\"\n\t\t\t\n\t\t><div class=\"sow-slider-base\" style=\"display: none\"><ul\n\t\t\t\t\tclass=\"sow-slider-images\"\n\t\t\t\t\tdata-settings=\"{&quot;pagination&quot;:true,&quot;speed&quot;:800,&quot;timeout&quot;:8000,&quot;paused&quot;:false,&quot;pause_on_hover&quot;:false,&quot;swipe&quot;:true,&quot;nav_always_show_desktop&quot;:&quot;&quot;,&quot;nav_always_show_mobile&quot;:&quot;&quot;,&quot;breakpoint&quot;:&quot;780px&quot;,&quot;unmute&quot;:false,&quot;anchor&quot;:null}\"\n\t\t\t\t\t\t\t\t\t\tdata-anchor-id=\"\"\n\t\t\t\t>\t\t<li class=\"sow-slider-image  sow-slider-image-cover\" style=\"visibility: visible;;background-image: url(https:\/\/www.facet.unt.edu.ar\/facetinforma\/wp-content\/uploads\/sites\/9\/2025\/08\/WhatsApp-Image-2025-08-22-at-11.30.37-AM.jpeg)\" >\n\t\t\t\t\t\t\t\t\t<img width=\"900\" height=\"1600\" src=\"https:\/\/www.facet.unt.edu.ar\/facetinforma\/wp-content\/uploads\/sites\/9\/2025\/08\/WhatsApp-Image-2025-08-22-at-11.30.37-AM.jpeg\" class=\"sow-slider-background-image skip-lazy\" alt=\"\" decoding=\"async\" loading=\"eager\" \/>\t\t\t\t\t\t\t\t<\/li>\n\t\t\t\t<li class=\"sow-slider-image  sow-slider-image-cover\" style=\"visibility: hidden;;background-image: url(https:\/\/www.facet.unt.edu.ar\/facetinforma\/wp-content\/uploads\/sites\/9\/2025\/08\/WhatsApp-Image-2025-08-22-at-11.30.07-AM.jpeg)\" >\n\t\t\t\t\t\t\t\t\t<img width=\"900\" height=\"1600\" src=\"https:\/\/www.facet.unt.edu.ar\/facetinforma\/wp-content\/uploads\/sites\/9\/2025\/08\/WhatsApp-Image-2025-08-22-at-11.30.07-AM.jpeg\" class=\"sow-slider-background-image skip-lazy\" alt=\"\" decoding=\"async\" loading=\"eager\" \/>\t\t\t\t\t\t\t\t<\/li>\n\t\t<\/ul>\t\t\t\t<ol class=\"sow-slider-pagination\">\n\t\t\t\t\t\t\t\t\t\t\t<li><a href=\"#\" data-goto=\"0\" aria-label=\"mostrar diapositiva 1\"><\/a><\/li>\n\t\t\t\t\t\t\t\t\t\t\t<li><a href=\"#\" data-goto=\"1\" aria-label=\"mostrar diapositiva 2\"><\/a><\/li>\n\t\t\t\t\t\t\t\t\t<\/ol>\n\n\t\t\t\t<div class=\"sow-slide-nav sow-slide-nav-next\">\n\t\t\t\t\t<a href=\"#\" data-goto=\"next\" aria-label=\"diapositiva siguiente\" data-action=\"next\">\n\t\t\t\t\t\t<em class=\"sow-sld-icon-thin-right\"><\/em>\n\t\t\t\t\t<\/a>\n\t\t\t\t<\/div>\n\n\t\t\t\t<div class=\"sow-slide-nav sow-slide-nav-prev\">\n\t\t\t\t\t<a href=\"#\" data-goto=\"previous\" aria-label=\"diapositiva anterior\" data-action=\"prev\">\n\t\t\t\t\t\t<em class=\"sow-sld-icon-thin-left\"><\/em>\n\t\t\t\t\t<\/a>\n\t\t\t\t<\/div>\n\t\t\t\t<\/div><\/div><\/div><\/div><\/div><\/div>","protected":false},"excerpt":{"rendered":"<p>La Facultad de Ciencias Exactas y Tecnolog\u00eda de la UNT presentar\u00e1 avances del proyecto \u201cTecnolog\u00edas e Innovaci\u00f3n para la Inclusi\u00f3n\u201d, que busca garantizar el acceso a herramientas de comunicaci\u00f3n para personas con discapacidad. &nbsp; El pr\u00f3ximo 2 de septiembre, a las 10:00 horas, se realizar\u00e1 en la Sala de Audiovisuales del Block 3 (primer piso) [&hellip;]<\/p>\n","protected":false},"author":123512,"featured_media":29497,"comment_status":"closed","ping_status":"closed","sticky":false,"template":"","format":"standard","meta":[],"categories":[1],"tags":[],"_links":{"self":[{"href":"https:\/\/www.facet.unt.edu.ar\/facetinforma\/wp-json\/wp\/v2\/posts\/29496"}],"collection":[{"href":"https:\/\/www.facet.unt.edu.ar\/facetinforma\/wp-json\/wp\/v2\/posts"}],"about":[{"href":"https:\/\/www.facet.unt.edu.ar\/facetinforma\/wp-json\/wp\/v2\/types\/post"}],"author":[{"embeddable":true,"href":"https:\/\/www.facet.unt.edu.ar\/facetinforma\/wp-json\/wp\/v2\/users\/123512"}],"replies":[{"embeddable":true,"href":"https:\/\/www.facet.unt.edu.ar\/facetinforma\/wp-json\/wp\/v2\/comments?post=29496"}],"version-history":[{"count":6,"href":"https:\/\/www.facet.unt.edu.ar\/facetinforma\/wp-json\/wp\/v2\/posts\/29496\/revisions"}],"predecessor-version":[{"id":29505,"href":"https:\/\/www.facet.unt.edu.ar\/facetinforma\/wp-json\/wp\/v2\/posts\/29496\/revisions\/29505"}],"wp:featuredmedia":[{"embeddable":true,"href":"https:\/\/www.facet.unt.edu.ar\/facetinforma\/wp-json\/wp\/v2\/media\/29497"}],"wp:attachment":[{"href":"https:\/\/www.facet.unt.edu.ar\/facetinforma\/wp-json\/wp\/v2\/media?parent=29496"}],"wp:term":[{"taxonomy":"category","embeddable":true,"href":"https:\/\/www.facet.unt.edu.ar\/facetinforma\/wp-json\/wp\/v2\/categories?post=29496"},{"taxonomy":"post_tag","embeddable":true,"href":"https:\/\/www.facet.unt.edu.ar\/facetinforma\/wp-json\/wp\/v2\/tags?post=29496"}],"curies":[{"name":"wp","href":"https:\/\/api.w.org\/{rel}","templated":true}]}}