{"id":29583,"date":"2025-09-08T10:29:55","date_gmt":"2025-09-08T13:29:55","guid":{"rendered":"https:\/\/www.facet.unt.edu.ar\/facetinforma\/?p=29583"},"modified":"2025-09-08T10:30:14","modified_gmt":"2025-09-08T13:30:14","slug":"reunion-del-area-ingreso-planificacion-del-curso-de-nivelacion-facet-2025","status":"publish","type":"post","link":"https:\/\/www.facet.unt.edu.ar\/facetinforma\/2025\/09\/08\/reunion-del-area-ingreso-planificacion-del-curso-de-nivelacion-facet-2025\/","title":{"rendered":"Reuni\u00f3n del \u00c1rea Ingreso: planificaci\u00f3n del Curso de Nivelaci\u00f3n FACET 2025"},"content":{"rendered":"<div id=\"pl-29583\"  class=\"panel-layout\" ><div id=\"pg-29583-0\"  class=\"panel-grid panel-no-style\" ><div id=\"pgc-29583-0-0\"  class=\"panel-grid-cell\" ><div id=\"panel-29583-0-0-0\" class=\"so-panel widget widget_media_image panel-first-child panel-last-child\" data-index=\"0\" ><img width=\"1080\" height=\"1080\" src=\"https:\/\/www.facet.unt.edu.ar\/facetinforma\/wp-content\/uploads\/sites\/9\/2025\/09\/IMAGEN-FACET-INFORMA-6.png\" class=\"image wp-image-29584  attachment-full size-full\" alt=\"\" decoding=\"async\" loading=\"lazy\" style=\"max-width: 100%; height: auto;\" \/><\/div><\/div><div id=\"pgc-29583-0-1\"  class=\"panel-grid-cell\" ><div id=\"panel-29583-0-1-0\" class=\"so-panel widget widget_sow-editor panel-first-child panel-last-child\" data-index=\"1\" ><div\n\t\t\t\n\t\t\tclass=\"so-widget-sow-editor so-widget-sow-editor-base\"\n\t\t\t\n\t\t>\n<div class=\"siteorigin-widget-tinymce textwidget\">\n\t<p>El pasado s\u00e1bado 30 de agosto se realiz\u00f3 una reuni\u00f3n del Equipo del \u00c1rea Ingreso de la Facultad de Ciencias Exactas y Tecnolog\u00eda (FACET \u2013 UNT), con el objetivo de coordinar las acciones vinculadas al Curso de Nivelaci\u00f3n correspondiente al per\u00edodo septiembre \u2013 noviembre 2025.<\/p>\n<p>Durante el encuentro, el coordinador del \u00c1rea, Ing. Marcelo Leiva, present\u00f3 lineamientos generales e informaci\u00f3n relevante destinada a los aspirantes que inician su trayecto acad\u00e9mico en nuestra Facultad.<\/p>\n<p>El Curso de Nivelaci\u00f3n comenz\u00f3 el lunes 1 de septiembre y se desarrolla en dos modalidades:<br \/>\n\u2022 Presencial, para los residentes del Gran San Miguel de Tucum\u00e1n.<br \/>\n\u2022 Virtual, destinado a quienes residen en el interior de la provincia, en otras jurisdicciones del pa\u00eds o en el extranjero.<\/p>\n<p>En las comisiones presenciales se aplica la Metodolog\u00eda de Aula-Taller, bajo la responsabilidad de un docente y con el acompa\u00f1amiento de un alumno consultor. Asimismo, se han dispuesto Espacios de Consulta atendidos diariamente por estudiantes avanzados hasta la \u00faltima instancia de recuperaci\u00f3n.<\/p>\n<p>A trav\u00e9s del Aula Virtual, los aspirantes cuentan con material de estudio, informaci\u00f3n acad\u00e9mica y clases grabadas de todos los temas incluidos en el programa, lo que garantiza un acompa\u00f1amiento integral durante el proceso de ingreso a la vida universitaria.<\/p>\n<p>Al respecto, la secretaria acad\u00e9mica de la FACET, Ing. Fernanda Guzm\u00e1n, presente en la reuni\u00f3n, destac\u00f3:<\/p>\n<p><em>\u201cEl Curso de Nivelaci\u00f3n constituye la primera experiencia universitaria de nuestros futuros estudiantes. Es un espacio fundamental no solo para afianzar conocimientos, sino tambi\u00e9n para favorecer su integraci\u00f3n a la vida acad\u00e9mica y al esp\u00edritu de comunidad que caracteriza a nuestra Facultad.\u201d<\/em><\/p>\n<\/div>\n<\/div><\/div><\/div><\/div><\/div>","protected":false},"excerpt":{"rendered":"<p>El pasado s\u00e1bado 30 de agosto se realiz\u00f3 una reuni\u00f3n del Equipo del \u00c1rea Ingreso de la Facultad de Ciencias Exactas y Tecnolog\u00eda (FACET \u2013 UNT), con el objetivo de coordinar las acciones vinculadas al Curso de Nivelaci\u00f3n correspondiente al per\u00edodo septiembre \u2013 noviembre 2025. Durante el encuentro, el coordinador del \u00c1rea, Ing. Marcelo Leiva, [&hellip;]<\/p>\n","protected":false},"author":123512,"featured_media":29584,"comment_status":"closed","ping_status":"closed","sticky":false,"template":"","format":"standard","meta":[],"categories":[1],"tags":[42],"_links":{"self":[{"href":"https:\/\/www.facet.unt.edu.ar\/facetinforma\/wp-json\/wp\/v2\/posts\/29583"}],"collection":[{"href":"https:\/\/www.facet.unt.edu.ar\/facetinforma\/wp-json\/wp\/v2\/posts"}],"about":[{"href":"https:\/\/www.facet.unt.edu.ar\/facetinforma\/wp-json\/wp\/v2\/types\/post"}],"author":[{"embeddable":true,"href":"https:\/\/www.facet.unt.edu.ar\/facetinforma\/wp-json\/wp\/v2\/users\/123512"}],"replies":[{"embeddable":true,"href":"https:\/\/www.facet.unt.edu.ar\/facetinforma\/wp-json\/wp\/v2\/comments?post=29583"}],"version-history":[{"count":19,"href":"https:\/\/www.facet.unt.edu.ar\/facetinforma\/wp-json\/wp\/v2\/posts\/29583\/revisions"}],"predecessor-version":[{"id":29605,"href":"https:\/\/www.facet.unt.edu.ar\/facetinforma\/wp-json\/wp\/v2\/posts\/29583\/revisions\/29605"}],"wp:featuredmedia":[{"embeddable":true,"href":"https:\/\/www.facet.unt.edu.ar\/facetinforma\/wp-json\/wp\/v2\/media\/29584"}],"wp:attachment":[{"href":"https:\/\/www.facet.unt.edu.ar\/facetinforma\/wp-json\/wp\/v2\/media?parent=29583"}],"wp:term":[{"taxonomy":"category","embeddable":true,"href":"https:\/\/www.facet.unt.edu.ar\/facetinforma\/wp-json\/wp\/v2\/categories?post=29583"},{"taxonomy":"post_tag","embeddable":true,"href":"https:\/\/www.facet.unt.edu.ar\/facetinforma\/wp-json\/wp\/v2\/tags?post=29583"}],"curies":[{"name":"wp","href":"https:\/\/api.w.org\/{rel}","templated":true}]}}