{"id":29739,"date":"2025-10-02T09:06:28","date_gmt":"2025-10-02T12:06:28","guid":{"rendered":"https:\/\/www.facet.unt.edu.ar\/facetinforma\/?p=29739"},"modified":"2025-10-02T09:08:02","modified_gmt":"2025-10-02T12:08:02","slug":"apertura-del-xxxi-encuentro-ulacav-en-la-facet","status":"publish","type":"post","link":"https:\/\/www.facet.unt.edu.ar\/facetinforma\/2025\/10\/02\/apertura-del-xxxi-encuentro-ulacav-en-la-facet\/","title":{"rendered":"Apertura del XXXI Encuentro de la Red ULACAV en la FACET"},"content":{"rendered":"<div id=\"pl-29739\"  class=\"panel-layout\" ><div id=\"pg-29739-0\"  class=\"panel-grid panel-no-style\" ><div id=\"pgc-29739-0-0\"  class=\"panel-grid-cell\" ><div id=\"panel-29739-0-0-0\" class=\"so-panel widget widget_media_image panel-first-child panel-last-child\" data-index=\"0\" ><img width=\"1080\" height=\"1080\" src=\"https:\/\/www.facet.unt.edu.ar\/facetinforma\/wp-content\/uploads\/sites\/9\/2025\/10\/IMAGEN-FACET-INFORMA-6.png\" class=\"image wp-image-29740  attachment-full size-full\" alt=\"\" decoding=\"async\" loading=\"lazy\" style=\"max-width: 100%; height: auto;\" \/><\/div><\/div><div id=\"pgc-29739-0-1\"  class=\"panel-grid-cell\" ><div id=\"panel-29739-0-1-0\" class=\"so-panel widget widget_sow-editor panel-first-child\" data-index=\"1\" ><div\n\t\t\t\n\t\t\tclass=\"so-widget-sow-editor so-widget-sow-editor-base\"\n\t\t\t\n\t\t>\n<div class=\"siteorigin-widget-tinymce textwidget\">\n\t<p>Con un auditorio colmado de autoridades, docentes, estudiantes y referentes del h\u00e1bitat popular en Latinoam\u00e9rica, ayer se llev\u00f3 a cabo el acto de apertura del XXXI Encuentro de la Red Universitaria Latinoamericana de Espacios Formativos de Vivienda y H\u00e1bitat (ULACAV), en la Facultad de Ciencias Exactas y Tecnolog\u00eda de la Universidad Nacional de Tucum\u00e1n (FACET-UNT).<\/p>\n<p>En el estrado estuvieron presentes el decano de la FACET, Dr. Ing. Miguel \u00c1ngel Cabrera, el director del CONICET NOA Sur, Dr. Augusto Bellomio, y la secretaria general de la Red ULACAV, Dra. Paula Boldrini, quienes destacaron la importancia de abrir un espacio de reflexi\u00f3n cr\u00edtica y de construcci\u00f3n colectiva en torno al h\u00e1bitat, la vivienda y las pr\u00e1cticas pedag\u00f3gicas transformadoras en Am\u00e9rica Latina.<\/p>\n<p>El encuentro, que este a\u00f1o se desarrolla bajo el lema \u201cSaberes y territorios en movimiento: hacia nuevas estrategias de ense\u00f1anza y aprendizaje\u201d, propone tres jornadas de intercambio entre docentes, investigadores, estudiantes, egresados y representantes de organizaciones sociales. A lo largo de las actividades se presentar\u00e1n ponencias, talleres, muestras audiovisuales y experiencias territoriales, con el objetivo de fortalecer los lazos entre la universidad y la sociedad.<\/p>\n<p>La Red ULACAV, con m\u00e1s de 30 a\u00f1os de trayectoria, ha consolidado un espacio de articulaci\u00f3n entre instituciones acad\u00e9micas y comunidades de la regi\u00f3n. En 2023, este trabajo colectivo fue reconocido internacionalmente con el Premio Mundial de H\u00e1bitat (categor\u00eda Bronce), otorgado por World Habitat y ONU-H\u00e1bitat, reafirmando la relevancia y vigencia de sus aportes.<\/p>\n<p>En su mensaje de apertura, las autoridades resaltaron la importancia de la universidad p\u00fablica como motor de transformaci\u00f3n social y agradecieron el compromiso de la comunidad acad\u00e9mica y de los invitados internacionales que se suman al encuentro.<\/p>\n<p>Las actividades contin\u00faan hoy y ma\u00f1ana con una variada agenda de propuestas que invitan a repensar la ense\u00f1anza y el aprendizaje desde la pr\u00e1ctica situada y en di\u00e1logo con los territorios.<\/p>\n<\/div>\n<\/div><\/div><div id=\"panel-29739-0-1-1\" class=\"so-panel widget widget_sow-slider panel-last-child\" data-index=\"2\" ><div\n\t\t\t\n\t\t\tclass=\"so-widget-sow-slider so-widget-sow-slider-default-53fd0f98de19-29739\"\n\t\t\t\n\t\t><div class=\"sow-slider-base\" style=\"display: none\"><ul\n\t\t\t\t\tclass=\"sow-slider-images\"\n\t\t\t\t\tdata-settings=\"{&quot;pagination&quot;:true,&quot;speed&quot;:800,&quot;timeout&quot;:8000,&quot;paused&quot;:false,&quot;pause_on_hover&quot;:false,&quot;swipe&quot;:true,&quot;nav_always_show_desktop&quot;:&quot;&quot;,&quot;nav_always_show_mobile&quot;:&quot;&quot;,&quot;breakpoint&quot;:&quot;780px&quot;,&quot;unmute&quot;:false,&quot;anchor&quot;:null}\"\n\t\t\t\t\t\t\t\t\t\tdata-anchor-id=\"\"\n\t\t\t\t>\t\t<li class=\"sow-slider-image  sow-slider-image-cover\" style=\"visibility: visible;;background-image: url(https:\/\/www.facet.unt.edu.ar\/facetinforma\/wp-content\/uploads\/sites\/9\/2025\/10\/WhatsApp-Image-2025-10-02-at-8.22.23-AM.jpeg)\" >\n\t\t\t\t\t\t\t\t\t<img width=\"958\" height=\"1280\" src=\"https:\/\/www.facet.unt.edu.ar\/facetinforma\/wp-content\/uploads\/sites\/9\/2025\/10\/WhatsApp-Image-2025-10-02-at-8.22.23-AM.jpeg\" class=\"sow-slider-background-image skip-lazy\" alt=\"\" decoding=\"async\" loading=\"eager\" \/>\t\t\t\t\t\t\t\t<\/li>\n\t\t<\/ul>\t\t\t\t<ol class=\"sow-slider-pagination\">\n\t\t\t\t\t\t\t\t\t\t\t<li><a href=\"#\" data-goto=\"0\" aria-label=\"mostrar diapositiva 1\"><\/a><\/li>\n\t\t\t\t\t\t\t\t\t<\/ol>\n\n\t\t\t\t<div class=\"sow-slide-nav sow-slide-nav-next\">\n\t\t\t\t\t<a href=\"#\" data-goto=\"next\" aria-label=\"diapositiva siguiente\" data-action=\"next\">\n\t\t\t\t\t\t<em class=\"sow-sld-icon-thin-right\"><\/em>\n\t\t\t\t\t<\/a>\n\t\t\t\t<\/div>\n\n\t\t\t\t<div class=\"sow-slide-nav sow-slide-nav-prev\">\n\t\t\t\t\t<a href=\"#\" data-goto=\"previous\" aria-label=\"diapositiva anterior\" data-action=\"prev\">\n\t\t\t\t\t\t<em class=\"sow-sld-icon-thin-left\"><\/em>\n\t\t\t\t\t<\/a>\n\t\t\t\t<\/div>\n\t\t\t\t<\/div><\/div><\/div><\/div><\/div><\/div>","protected":false},"excerpt":{"rendered":"<p>Con un auditorio colmado de autoridades, docentes, estudiantes y referentes del h\u00e1bitat popular en Latinoam\u00e9rica, ayer se llev\u00f3 a cabo el acto de apertura del XXXI Encuentro de la Red Universitaria Latinoamericana de Espacios Formativos de Vivienda y H\u00e1bitat (ULACAV), en la Facultad de Ciencias Exactas y Tecnolog\u00eda de la Universidad Nacional de Tucum\u00e1n (FACET-UNT). [&hellip;]<\/p>\n","protected":false},"author":123512,"featured_media":29740,"comment_status":"closed","ping_status":"closed","sticky":false,"template":"","format":"standard","meta":[],"categories":[1],"tags":[42],"_links":{"self":[{"href":"https:\/\/www.facet.unt.edu.ar\/facetinforma\/wp-json\/wp\/v2\/posts\/29739"}],"collection":[{"href":"https:\/\/www.facet.unt.edu.ar\/facetinforma\/wp-json\/wp\/v2\/posts"}],"about":[{"href":"https:\/\/www.facet.unt.edu.ar\/facetinforma\/wp-json\/wp\/v2\/types\/post"}],"author":[{"embeddable":true,"href":"https:\/\/www.facet.unt.edu.ar\/facetinforma\/wp-json\/wp\/v2\/users\/123512"}],"replies":[{"embeddable":true,"href":"https:\/\/www.facet.unt.edu.ar\/facetinforma\/wp-json\/wp\/v2\/comments?post=29739"}],"version-history":[{"count":11,"href":"https:\/\/www.facet.unt.edu.ar\/facetinforma\/wp-json\/wp\/v2\/posts\/29739\/revisions"}],"predecessor-version":[{"id":29752,"href":"https:\/\/www.facet.unt.edu.ar\/facetinforma\/wp-json\/wp\/v2\/posts\/29739\/revisions\/29752"}],"wp:featuredmedia":[{"embeddable":true,"href":"https:\/\/www.facet.unt.edu.ar\/facetinforma\/wp-json\/wp\/v2\/media\/29740"}],"wp:attachment":[{"href":"https:\/\/www.facet.unt.edu.ar\/facetinforma\/wp-json\/wp\/v2\/media?parent=29739"}],"wp:term":[{"taxonomy":"category","embeddable":true,"href":"https:\/\/www.facet.unt.edu.ar\/facetinforma\/wp-json\/wp\/v2\/categories?post=29739"},{"taxonomy":"post_tag","embeddable":true,"href":"https:\/\/www.facet.unt.edu.ar\/facetinforma\/wp-json\/wp\/v2\/tags?post=29739"}],"curies":[{"name":"wp","href":"https:\/\/api.w.org\/{rel}","templated":true}]}}