{"id":29802,"date":"2025-10-13T08:34:11","date_gmt":"2025-10-13T11:34:11","guid":{"rendered":"https:\/\/www.facet.unt.edu.ar\/facetinforma\/?p=29802"},"modified":"2025-10-13T08:34:18","modified_gmt":"2025-10-13T11:34:18","slug":"investigadores-de-la-facet-participaron-en-el-2o-congreso-de-ciencia-tecnologia-e-innovacion-para-la-defensa","status":"publish","type":"post","link":"https:\/\/www.facet.unt.edu.ar\/facetinforma\/2025\/10\/13\/investigadores-de-la-facet-participaron-en-el-2o-congreso-de-ciencia-tecnologia-e-innovacion-para-la-defensa\/","title":{"rendered":"Investigadores de la FACET participaron en el 2\u00ba Congreso de Ciencia, Tecnolog\u00eda e Innovaci\u00f3n para la Defensa"},"content":{"rendered":"<div id=\"pl-29802\"  class=\"panel-layout\" ><div id=\"pg-29802-0\"  class=\"panel-grid panel-no-style\" ><div id=\"pgc-29802-0-0\"  class=\"panel-grid-cell\" ><div id=\"panel-29802-0-0-0\" class=\"so-panel widget widget_media_image panel-first-child panel-last-child\" data-index=\"0\" ><img width=\"1080\" height=\"1080\" src=\"https:\/\/www.facet.unt.edu.ar\/facetinforma\/wp-content\/uploads\/sites\/9\/2025\/10\/IMAGEN-FACET-INFORMA-7.png\" class=\"image wp-image-29803  attachment-full size-full\" alt=\"\" decoding=\"async\" loading=\"lazy\" style=\"max-width: 100%; height: auto;\" \/><\/div><\/div><div id=\"pgc-29802-0-1\"  class=\"panel-grid-cell\" ><div id=\"panel-29802-0-1-0\" class=\"so-panel widget widget_sow-editor panel-first-child\" data-index=\"1\" ><div\n\t\t\t\n\t\t\tclass=\"so-widget-sow-editor so-widget-sow-editor-base\"\n\t\t\t\n\t\t>\n<div class=\"siteorigin-widget-tinymce textwidget\">\n\t<p><em><span style=\"font-weight: 400;\">Orgullo FACET\u00a0<\/span><\/em><\/p>\n<p><em><span style=\"font-weight: 400;\">Nuestros investigadores participaron del Congreso de Ciencia y Tecnolog\u00eda para la Defensa, mostrando el aporte de la UNT al desarrollo estrat\u00e9gico nacional.<\/span><\/em><\/p>\n<p><span style=\"font-weight: 400;\">Los d\u00edas 8 y 9 de octubre se desarroll\u00f3 en Buenos Aires el 2\u00ba Congreso de Ciencia, Tecnolog\u00eda e Innovaci\u00f3n para la Defensa, organizado por el Ministerio de Defensa de la Rep\u00fablica Argentina. El encuentro tuvo como prop\u00f3sito promover la difusi\u00f3n de capacidades cient\u00edfico-tecnol\u00f3gicas con impacto en la Defensa Nacional, y fortalecer los v\u00ednculos entre organismos p\u00fablicos, universidades, empresas y las Fuerzas Armadas.<\/span><\/p>\n<p><span style=\"font-weight: 400;\">Entre sus principales objetivos se destacaron tambi\u00e9n impulsar el intercambio interdisciplinario y la cooperaci\u00f3n en innovaci\u00f3n dual, fomentar la articulaci\u00f3n estrat\u00e9gica y generar redes de transferencia tecnol\u00f3gica que contribuyan al desarrollo del pa\u00eds.<\/span><\/p>\n<p><span style=\"font-weight: 400;\">En esta edici\u00f3n, la<strong> Facultad de Ciencias Exactas y Tecnolog\u00eda (FACET)<\/strong> de la Universidad Nacional de Tucum\u00e1n estuvo representada por tres integrantes del <strong>Laboratorio de Telecomunicaciones del Departamento de Electricidad, Electr\u00f3nica y Computaci\u00f3n:<\/strong><\/span><\/p>\n<ul>\n<li><strong>Dr. Fernando Miranda Bonomi<\/strong><\/li>\n<li><strong>Dr. Zanon Saavedra<\/strong><\/li>\n<li><strong>Ing. Juan E. Ise<\/strong><\/li>\n<\/ul>\n<p><span style=\"font-weight: 400;\">Los investigadores fueron invitados a disertar sobre sistemas de radares y detecci\u00f3n remota de objetivos, un \u00e1rea en la que la FACET mantiene una colaboraci\u00f3n sostenida con el Ministerio de Defensa. Cabe destacar que este laboratorio dise\u00f1\u00f3 en 2017 el primer sondador digital de la Rep\u00fablica Argentina, un desarrollo pionero que consolid\u00f3 a la UNT como una de las pocas universidades del pa\u00eds que trabajan activamente en proyectos vinculados a la Defensa Territorial Argentina.<\/span><\/p>\n<p><span style=\"font-weight: 400;\"><em>\u201cSi bien fuimos tres los disertantes, los trabajos que presentamos representan el esfuerzo colectivo de todo el grupo de investigaci\u00f3n\u201d<\/em>, destacaron los profesionales, en alusi\u00f3n a los dem\u00e1s integrantes del equipo: el Dr. Miguel Cabrera, el Dr. Mariano Fagre y el Lic. Axel Hemsy.<\/span><\/p>\n<p><span style=\"font-weight: 400;\">Con entrada libre y gratuita, el Congreso reuni\u00f3 a referentes de las Fuerzas Armadas, el sistema cient\u00edfico-tecnol\u00f3gico y el sector productivo nacional, con el prop\u00f3sito de potenciar el intercambio de conocimientos y experiencias. Asimismo, empresas e instituciones participaron en diversos paneles tem\u00e1ticos, enfocados en los aspectos estrat\u00e9gicos para el futuro de la Defensa Nacional.<\/span><\/p>\n<p>&nbsp;<\/p>\n<\/div>\n<\/div><\/div><div id=\"panel-29802-0-1-1\" class=\"so-panel widget widget_sow-slider panel-last-child\" data-index=\"2\" ><div\n\t\t\t\n\t\t\tclass=\"so-widget-sow-slider so-widget-sow-slider-default-53fd0f98de19-29802\"\n\t\t\t\n\t\t><div class=\"sow-slider-base\" style=\"display: none\"><ul\n\t\t\t\t\tclass=\"sow-slider-images\"\n\t\t\t\t\tdata-settings=\"{&quot;pagination&quot;:true,&quot;speed&quot;:800,&quot;timeout&quot;:8000,&quot;paused&quot;:false,&quot;pause_on_hover&quot;:false,&quot;swipe&quot;:true,&quot;nav_always_show_desktop&quot;:&quot;&quot;,&quot;nav_always_show_mobile&quot;:&quot;&quot;,&quot;breakpoint&quot;:&quot;780px&quot;,&quot;unmute&quot;:false,&quot;anchor&quot;:null}\"\n\t\t\t\t\t\t\t\t\t\tdata-anchor-id=\"\"\n\t\t\t\t>\t\t<li class=\"sow-slider-image  sow-slider-image-cover\" style=\"visibility: visible;;background-image: url(https:\/\/www.facet.unt.edu.ar\/facetinforma\/wp-content\/uploads\/sites\/9\/2025\/10\/WhatsApp-Image-2025-10-13-at-8.26.22-AM.jpeg)\" >\n\t\t\t\t\t\t\t\t\t<img width=\"1280\" height=\"960\" src=\"https:\/\/www.facet.unt.edu.ar\/facetinforma\/wp-content\/uploads\/sites\/9\/2025\/10\/WhatsApp-Image-2025-10-13-at-8.26.22-AM.jpeg\" class=\"sow-slider-background-image skip-lazy\" alt=\"\" decoding=\"async\" loading=\"eager\" \/>\t\t\t\t\t\t\t\t<\/li>\n\t\t\t\t<li class=\"sow-slider-image  sow-slider-image-cover\" style=\"visibility: hidden;;background-image: url(https:\/\/www.facet.unt.edu.ar\/facetinforma\/wp-content\/uploads\/sites\/9\/2025\/10\/WhatsApp-Image-2025-10-13-at-8.26.05-AM.jpeg)\" >\n\t\t\t\t\t\t\t\t\t<img width=\"1280\" height=\"959\" src=\"https:\/\/www.facet.unt.edu.ar\/facetinforma\/wp-content\/uploads\/sites\/9\/2025\/10\/WhatsApp-Image-2025-10-13-at-8.26.05-AM.jpeg\" class=\"sow-slider-background-image skip-lazy\" alt=\"\" decoding=\"async\" loading=\"eager\" \/>\t\t\t\t\t\t\t\t<\/li>\n\t\t<\/ul>\t\t\t\t<ol class=\"sow-slider-pagination\">\n\t\t\t\t\t\t\t\t\t\t\t<li><a href=\"#\" data-goto=\"0\" aria-label=\"mostrar diapositiva 1\"><\/a><\/li>\n\t\t\t\t\t\t\t\t\t\t\t<li><a href=\"#\" data-goto=\"1\" aria-label=\"mostrar diapositiva 2\"><\/a><\/li>\n\t\t\t\t\t\t\t\t\t<\/ol>\n\n\t\t\t\t<div class=\"sow-slide-nav sow-slide-nav-next\">\n\t\t\t\t\t<a href=\"#\" data-goto=\"next\" aria-label=\"diapositiva siguiente\" data-action=\"next\">\n\t\t\t\t\t\t<em class=\"sow-sld-icon-thin-right\"><\/em>\n\t\t\t\t\t<\/a>\n\t\t\t\t<\/div>\n\n\t\t\t\t<div class=\"sow-slide-nav sow-slide-nav-prev\">\n\t\t\t\t\t<a href=\"#\" data-goto=\"previous\" aria-label=\"diapositiva anterior\" data-action=\"prev\">\n\t\t\t\t\t\t<em class=\"sow-sld-icon-thin-left\"><\/em>\n\t\t\t\t\t<\/a>\n\t\t\t\t<\/div>\n\t\t\t\t<\/div><\/div><\/div><\/div><\/div><\/div>","protected":false},"excerpt":{"rendered":"<p>Orgullo FACET\u00a0 Nuestros investigadores participaron del Congreso de Ciencia y Tecnolog\u00eda para la Defensa, mostrando el aporte de la UNT al desarrollo estrat\u00e9gico nacional. Los d\u00edas 8 y 9 de octubre se desarroll\u00f3 en Buenos Aires el 2\u00ba Congreso de Ciencia, Tecnolog\u00eda e Innovaci\u00f3n para la Defensa, organizado por el Ministerio de Defensa de la [&hellip;]<\/p>\n","protected":false},"author":123512,"featured_media":29803,"comment_status":"closed","ping_status":"closed","sticky":false,"template":"","format":"standard","meta":[],"categories":[1],"tags":[],"_links":{"self":[{"href":"https:\/\/www.facet.unt.edu.ar\/facetinforma\/wp-json\/wp\/v2\/posts\/29802"}],"collection":[{"href":"https:\/\/www.facet.unt.edu.ar\/facetinforma\/wp-json\/wp\/v2\/posts"}],"about":[{"href":"https:\/\/www.facet.unt.edu.ar\/facetinforma\/wp-json\/wp\/v2\/types\/post"}],"author":[{"embeddable":true,"href":"https:\/\/www.facet.unt.edu.ar\/facetinforma\/wp-json\/wp\/v2\/users\/123512"}],"replies":[{"embeddable":true,"href":"https:\/\/www.facet.unt.edu.ar\/facetinforma\/wp-json\/wp\/v2\/comments?post=29802"}],"version-history":[{"count":6,"href":"https:\/\/www.facet.unt.edu.ar\/facetinforma\/wp-json\/wp\/v2\/posts\/29802\/revisions"}],"predecessor-version":[{"id":29811,"href":"https:\/\/www.facet.unt.edu.ar\/facetinforma\/wp-json\/wp\/v2\/posts\/29802\/revisions\/29811"}],"wp:featuredmedia":[{"embeddable":true,"href":"https:\/\/www.facet.unt.edu.ar\/facetinforma\/wp-json\/wp\/v2\/media\/29803"}],"wp:attachment":[{"href":"https:\/\/www.facet.unt.edu.ar\/facetinforma\/wp-json\/wp\/v2\/media?parent=29802"}],"wp:term":[{"taxonomy":"category","embeddable":true,"href":"https:\/\/www.facet.unt.edu.ar\/facetinforma\/wp-json\/wp\/v2\/categories?post=29802"},{"taxonomy":"post_tag","embeddable":true,"href":"https:\/\/www.facet.unt.edu.ar\/facetinforma\/wp-json\/wp\/v2\/tags?post=29802"}],"curies":[{"name":"wp","href":"https:\/\/api.w.org\/{rel}","templated":true}]}}