{"id":29824,"date":"2025-10-14T07:40:15","date_gmt":"2025-10-14T10:40:15","guid":{"rendered":"https:\/\/www.facet.unt.edu.ar\/facetinforma\/?p=29824"},"modified":"2025-10-14T07:40:22","modified_gmt":"2025-10-14T10:40:22","slug":"exito-del-rally-latinoamericano-de-innovacion-en-la-facet","status":"publish","type":"post","link":"https:\/\/www.facet.unt.edu.ar\/facetinforma\/2025\/10\/14\/exito-del-rally-latinoamericano-de-innovacion-en-la-facet\/","title":{"rendered":"\u00c9xito del Rally Latinoamericano de Innovaci\u00f3n en la FACET"},"content":{"rendered":"<div id=\"pl-29824\"  class=\"panel-layout\" ><div id=\"pg-29824-0\"  class=\"panel-grid panel-no-style\" ><div id=\"pgc-29824-0-0\"  class=\"panel-grid-cell\" ><div id=\"panel-29824-0-0-0\" class=\"so-panel widget widget_media_image panel-first-child panel-last-child\" data-index=\"0\" ><img width=\"1080\" height=\"1080\" src=\"https:\/\/www.facet.unt.edu.ar\/facetinforma\/wp-content\/uploads\/sites\/9\/2025\/10\/IMAGEN-FACET-INFORMA-9.png\" class=\"image wp-image-29825  attachment-full size-full\" alt=\"\" decoding=\"async\" loading=\"lazy\" style=\"max-width: 100%; height: auto;\" \/><\/div><\/div><div id=\"pgc-29824-0-1\"  class=\"panel-grid-cell\" ><div id=\"panel-29824-0-1-0\" class=\"so-panel widget widget_sow-editor panel-first-child\" data-index=\"1\" ><div\n\t\t\t\n\t\t\tclass=\"so-widget-sow-editor so-widget-sow-editor-base\"\n\t\t\t\n\t\t>\n<div class=\"siteorigin-widget-tinymce textwidget\">\n\t<p><em>M\u00e1s de 70 estudiantes participaron en una nueva edici\u00f3n del certamen que promueve la creatividad, el trabajo en equipo y la formaci\u00f3n de futuros profesionales comprometidos con la innovaci\u00f3n tecnol\u00f3gica.<\/em><\/p>\n<p>El 10 y 11 de octubre, l<strong>a Facultad de Ciencias Exactas y Tecnolog\u00eda de la UNT (FACET)<\/strong> fue sede del Rally Latinoamericano de Innovaci\u00f3n 2025, una competencia internacional que busca fomentar la innovaci\u00f3n abierta, el trabajo colaborativo y el esp\u00edritu emprendedor entre estudiantes de ingenier\u00eda y carreras afines.<\/p>\n<p>Durante 28 horas ininterrumpidas, los participantes formaron nueve equipos interdisciplinarios integrados por entre 4 y 10 integrantes, entre los cuales deb\u00eda haber al menos un estudiante de ingenier\u00eda. Cada grupo eligi\u00f3 uno de los nueve desaf\u00edos propuestos \u2014de tem\u00e1ticas diversas\u2014 y desarroll\u00f3 una soluci\u00f3n innovadora que pod\u00eda tomar la forma de un producto, proceso o dispositivo tecnol\u00f3gico.<\/p>\n<p>El <strong>Ing. Benjam\u00edn Molina,<\/strong> responsable de sede del Rally en la FACET, destac\u00f3 el excelente nivel de participaci\u00f3n y compromiso de los equipos:<\/p>\n<p>\u201cEl balance de esta edici\u00f3n es 100 % positivo. Ten\u00eda expectativas moderadas por tratarse de un fin de semana largo, pero para mi sorpresa tuvimos m\u00e1s de 76 inscriptos, una participaci\u00f3n muy activa y entusiasta. Este tipo de iniciativas, m\u00e1s all\u00e1 de ser una competencia o un juego, son fundamentales para que los estudiantes aprendan a trabajar de manera t\u00e9cnica, en equipo y enfrentando problem\u00e1ticas reales\u201d, expres\u00f3 Molina.<\/p>\n<p>El docente subray\u00f3 adem\u00e1s la importancia del acompa\u00f1amiento institucional:<\/p>\n<p>\u201cAgradezco al CONFEDI por la organizaci\u00f3n y el compromiso en cada edici\u00f3n, y a nuestra Facultad, que nos brinda el espacio, los medios y el apoyo constante de sus autoridades. Para la FACET, poder llevar adelante estos desaf\u00edos es un privilegio que deja muchos aprendizajes. Va m\u00e1s all\u00e1 de ganar: se trata de formarse y animarse a innovar\u201d.<\/p>\n<p>Por su parte, el Decano de la FACET, <strong>Dr. Ing. Miguel \u00c1ngel Cabrera<\/strong>, celebr\u00f3 el \u00e9xito de la jornada y el compromiso de la comunidad universitaria:<\/p>\n<p>\u201c<em>El Rally es una experiencia que potencia la creatividad y el esp\u00edritu de colaboraci\u00f3n de nuestros estudiantes. Verlos trabajar juntos, con pasi\u00f3n y responsabilidad, reafirma el rol de la universidad p\u00fablica como motor de innovaci\u00f3n y transformaci\u00f3n social. Desde la FACET seguiremos impulsando estos espacios que vinculan el conocimiento con los desaf\u00edos reales del entorno productivo y tecnol\u00f3gico\u201d.<\/em><\/p>\n<p>Como broche de oro, dos equipos de la FACET obtuvieron destacados resultados en la instancia nacional, alcanzando el 7\u00ba y 9\u00ba puesto entre decenas de sedes universitarias del pa\u00eds. Este reconocimiento reafirma la calidad del trabajo realizado por los estudiantes y docentes de la Facultad, y su compromiso con la innovaci\u00f3n tecnol\u00f3gica y el desarrollo sostenible.<\/p>\n<p>El Rally Latinoamericano de Innovaci\u00f3n, organizado por el Consejo Federal de Decanos de Ingenier\u00eda (CONFEDI) y otras instituciones de la regi\u00f3n, se desarrolla simult\u00e1neamente en distintas sedes universitarias de Am\u00e9rica Latina. La experiencia permite conectar a cientos de estudiantes, docentes y profesionales comprometidos con construir soluciones creativas y sostenibles para un futuro mejor.<\/p>\n<\/div>\n<\/div><\/div><div id=\"panel-29824-0-1-1\" class=\"so-panel widget widget_sow-slider panel-last-child\" data-index=\"2\" ><div\n\t\t\t\n\t\t\tclass=\"so-widget-sow-slider so-widget-sow-slider-default-53fd0f98de19-29824\"\n\t\t\t\n\t\t><div class=\"sow-slider-base\" style=\"display: none\"><ul\n\t\t\t\t\tclass=\"sow-slider-images\"\n\t\t\t\t\tdata-settings=\"{&quot;pagination&quot;:true,&quot;speed&quot;:800,&quot;timeout&quot;:8000,&quot;paused&quot;:false,&quot;pause_on_hover&quot;:false,&quot;swipe&quot;:true,&quot;nav_always_show_desktop&quot;:&quot;&quot;,&quot;nav_always_show_mobile&quot;:&quot;&quot;,&quot;breakpoint&quot;:&quot;780px&quot;,&quot;unmute&quot;:false,&quot;anchor&quot;:null}\"\n\t\t\t\t\t\t\t\t\t\tdata-anchor-id=\"\"\n\t\t\t\t>\t\t<li class=\"sow-slider-image  sow-slider-image-cover\" style=\"visibility: visible;;background-image: url(https:\/\/www.facet.unt.edu.ar\/facetinforma\/wp-content\/uploads\/sites\/9\/2025\/10\/WhatsApp-Image-2025-10-14-at-7.32.25-AM-2.jpeg)\" >\n\t\t\t\t\t\t\t\t\t<img width=\"1280\" height=\"591\" src=\"https:\/\/www.facet.unt.edu.ar\/facetinforma\/wp-content\/uploads\/sites\/9\/2025\/10\/WhatsApp-Image-2025-10-14-at-7.32.25-AM-2.jpeg\" class=\"sow-slider-background-image skip-lazy\" alt=\"\" decoding=\"async\" loading=\"eager\" \/>\t\t\t\t\t\t\t\t<\/li>\n\t\t\t\t<li class=\"sow-slider-image  sow-slider-image-cover\" style=\"visibility: hidden;;background-image: url(https:\/\/www.facet.unt.edu.ar\/facetinforma\/wp-content\/uploads\/sites\/9\/2025\/10\/WhatsApp-Image-2025-10-14-at-7.32.25-AM-1.jpeg)\" >\n\t\t\t\t\t\t\t\t\t<img width=\"1280\" height=\"591\" src=\"https:\/\/www.facet.unt.edu.ar\/facetinforma\/wp-content\/uploads\/sites\/9\/2025\/10\/WhatsApp-Image-2025-10-14-at-7.32.25-AM-1.jpeg\" class=\"sow-slider-background-image skip-lazy\" alt=\"\" decoding=\"async\" loading=\"eager\" \/>\t\t\t\t\t\t\t\t<\/li>\n\t\t\t\t<li class=\"sow-slider-image  sow-slider-image-cover\" style=\"visibility: hidden;;background-image: url(https:\/\/www.facet.unt.edu.ar\/facetinforma\/wp-content\/uploads\/sites\/9\/2025\/10\/WhatsApp-Image-2025-10-14-at-7.32.25-AM.jpeg)\" >\n\t\t\t\t\t\t\t\t\t<img width=\"1280\" height=\"591\" src=\"https:\/\/www.facet.unt.edu.ar\/facetinforma\/wp-content\/uploads\/sites\/9\/2025\/10\/WhatsApp-Image-2025-10-14-at-7.32.25-AM.jpeg\" class=\"sow-slider-background-image skip-lazy\" alt=\"\" decoding=\"async\" loading=\"eager\" \/>\t\t\t\t\t\t\t\t<\/li>\n\t\t\t\t<li class=\"sow-slider-image  sow-slider-image-cover\" style=\"visibility: hidden;;background-image: url(https:\/\/www.facet.unt.edu.ar\/facetinforma\/wp-content\/uploads\/sites\/9\/2025\/10\/WhatsApp-Image-2025-10-14-at-7.32.24-AM-3.jpeg)\" >\n\t\t\t\t\t\t\t\t\t<img width=\"1600\" height=\"739\" src=\"https:\/\/www.facet.unt.edu.ar\/facetinforma\/wp-content\/uploads\/sites\/9\/2025\/10\/WhatsApp-Image-2025-10-14-at-7.32.24-AM-3.jpeg\" class=\"sow-slider-background-image skip-lazy\" alt=\"\" decoding=\"async\" loading=\"eager\" \/>\t\t\t\t\t\t\t\t<\/li>\n\t\t\t\t<li class=\"sow-slider-image  sow-slider-image-cover\" style=\"visibility: hidden;;background-image: url(https:\/\/www.facet.unt.edu.ar\/facetinforma\/wp-content\/uploads\/sites\/9\/2025\/10\/WhatsApp-Image-2025-10-14-at-7.32.24-AM-2.jpeg)\" >\n\t\t\t\t\t\t\t\t\t<img width=\"1280\" height=\"591\" src=\"https:\/\/www.facet.unt.edu.ar\/facetinforma\/wp-content\/uploads\/sites\/9\/2025\/10\/WhatsApp-Image-2025-10-14-at-7.32.24-AM-2.jpeg\" class=\"sow-slider-background-image skip-lazy\" alt=\"\" decoding=\"async\" loading=\"eager\" \/>\t\t\t\t\t\t\t\t<\/li>\n\t\t\t\t<li class=\"sow-slider-image  sow-slider-image-cover\" style=\"visibility: hidden;;background-image: url(https:\/\/www.facet.unt.edu.ar\/facetinforma\/wp-content\/uploads\/sites\/9\/2025\/10\/WhatsApp-Image-2025-10-14-at-7.32.24-AM-1.jpeg)\" >\n\t\t\t\t\t\t\t\t\t<img width=\"1600\" height=\"739\" src=\"https:\/\/www.facet.unt.edu.ar\/facetinforma\/wp-content\/uploads\/sites\/9\/2025\/10\/WhatsApp-Image-2025-10-14-at-7.32.24-AM-1.jpeg\" class=\"sow-slider-background-image skip-lazy\" alt=\"\" decoding=\"async\" loading=\"eager\" \/>\t\t\t\t\t\t\t\t<\/li>\n\t\t\t\t<li class=\"sow-slider-image  sow-slider-image-cover\" style=\"visibility: hidden;;background-image: url(https:\/\/www.facet.unt.edu.ar\/facetinforma\/wp-content\/uploads\/sites\/9\/2025\/10\/WhatsApp-Image-2025-10-14-at-7.32.24-AM.jpeg)\" >\n\t\t\t\t\t\t\t\t\t<img width=\"1600\" height=\"739\" src=\"https:\/\/www.facet.unt.edu.ar\/facetinforma\/wp-content\/uploads\/sites\/9\/2025\/10\/WhatsApp-Image-2025-10-14-at-7.32.24-AM.jpeg\" class=\"sow-slider-background-image skip-lazy\" alt=\"\" decoding=\"async\" loading=\"eager\" \/>\t\t\t\t\t\t\t\t<\/li>\n\t\t\t\t<li class=\"sow-slider-image  sow-slider-image-cover\" style=\"visibility: hidden;;background-image: url(https:\/\/www.facet.unt.edu.ar\/facetinforma\/wp-content\/uploads\/sites\/9\/2025\/10\/WhatsApp-Image-2025-10-14-at-7.32.22-AM-2.jpeg)\" >\n\t\t\t\t\t\t\t\t\t<img width=\"1600\" height=\"739\" src=\"https:\/\/www.facet.unt.edu.ar\/facetinforma\/wp-content\/uploads\/sites\/9\/2025\/10\/WhatsApp-Image-2025-10-14-at-7.32.22-AM-2.jpeg\" class=\"sow-slider-background-image skip-lazy\" alt=\"\" decoding=\"async\" loading=\"eager\" \/>\t\t\t\t\t\t\t\t<\/li>\n\t\t\t\t<li class=\"sow-slider-image  sow-slider-image-cover\" style=\"visibility: hidden;;background-image: url(https:\/\/www.facet.unt.edu.ar\/facetinforma\/wp-content\/uploads\/sites\/9\/2025\/10\/WhatsApp-Image-2025-10-14-at-7.32.23-AM.jpeg)\" >\n\t\t\t\t\t\t\t\t\t<img width=\"1600\" height=\"739\" src=\"https:\/\/www.facet.unt.edu.ar\/facetinforma\/wp-content\/uploads\/sites\/9\/2025\/10\/WhatsApp-Image-2025-10-14-at-7.32.23-AM.jpeg\" class=\"sow-slider-background-image skip-lazy\" alt=\"\" decoding=\"async\" loading=\"eager\" \/>\t\t\t\t\t\t\t\t<\/li>\n\t\t<\/ul>\t\t\t\t<ol class=\"sow-slider-pagination\">\n\t\t\t\t\t\t\t\t\t\t\t<li><a href=\"#\" data-goto=\"0\" aria-label=\"mostrar diapositiva 1\"><\/a><\/li>\n\t\t\t\t\t\t\t\t\t\t\t<li><a href=\"#\" data-goto=\"1\" aria-label=\"mostrar diapositiva 2\"><\/a><\/li>\n\t\t\t\t\t\t\t\t\t\t\t<li><a href=\"#\" data-goto=\"2\" aria-label=\"mostrar diapositiva 3\"><\/a><\/li>\n\t\t\t\t\t\t\t\t\t\t\t<li><a href=\"#\" data-goto=\"3\" aria-label=\"mostrar diapositiva 4\"><\/a><\/li>\n\t\t\t\t\t\t\t\t\t\t\t<li><a href=\"#\" data-goto=\"4\" aria-label=\"mostrar diapositiva 5\"><\/a><\/li>\n\t\t\t\t\t\t\t\t\t\t\t<li><a href=\"#\" data-goto=\"5\" aria-label=\"mostrar diapositiva 6\"><\/a><\/li>\n\t\t\t\t\t\t\t\t\t\t\t<li><a href=\"#\" data-goto=\"6\" aria-label=\"mostrar diapositiva 7\"><\/a><\/li>\n\t\t\t\t\t\t\t\t\t\t\t<li><a href=\"#\" data-goto=\"7\" aria-label=\"mostrar diapositiva 8\"><\/a><\/li>\n\t\t\t\t\t\t\t\t\t\t\t<li><a href=\"#\" data-goto=\"8\" aria-label=\"mostrar diapositiva 9\"><\/a><\/li>\n\t\t\t\t\t\t\t\t\t<\/ol>\n\n\t\t\t\t<div class=\"sow-slide-nav sow-slide-nav-next\">\n\t\t\t\t\t<a href=\"#\" data-goto=\"next\" aria-label=\"diapositiva siguiente\" data-action=\"next\">\n\t\t\t\t\t\t<em class=\"sow-sld-icon-thin-right\"><\/em>\n\t\t\t\t\t<\/a>\n\t\t\t\t<\/div>\n\n\t\t\t\t<div class=\"sow-slide-nav sow-slide-nav-prev\">\n\t\t\t\t\t<a href=\"#\" data-goto=\"previous\" aria-label=\"diapositiva anterior\" data-action=\"prev\">\n\t\t\t\t\t\t<em class=\"sow-sld-icon-thin-left\"><\/em>\n\t\t\t\t\t<\/a>\n\t\t\t\t<\/div>\n\t\t\t\t<\/div><\/div><\/div><\/div><\/div><\/div>","protected":false},"excerpt":{"rendered":"<p>M\u00e1s de 70 estudiantes participaron en una nueva edici\u00f3n del certamen que promueve la creatividad, el trabajo en equipo y la formaci\u00f3n de futuros profesionales comprometidos con la innovaci\u00f3n tecnol\u00f3gica. El 10 y 11 de octubre, la Facultad de Ciencias Exactas y Tecnolog\u00eda de la UNT (FACET) fue sede del Rally Latinoamericano de Innovaci\u00f3n 2025, [&hellip;]<\/p>\n","protected":false},"author":123512,"featured_media":29825,"comment_status":"closed","ping_status":"closed","sticky":false,"template":"","format":"standard","meta":[],"categories":[1],"tags":[],"_links":{"self":[{"href":"https:\/\/www.facet.unt.edu.ar\/facetinforma\/wp-json\/wp\/v2\/posts\/29824"}],"collection":[{"href":"https:\/\/www.facet.unt.edu.ar\/facetinforma\/wp-json\/wp\/v2\/posts"}],"about":[{"href":"https:\/\/www.facet.unt.edu.ar\/facetinforma\/wp-json\/wp\/v2\/types\/post"}],"author":[{"embeddable":true,"href":"https:\/\/www.facet.unt.edu.ar\/facetinforma\/wp-json\/wp\/v2\/users\/123512"}],"replies":[{"embeddable":true,"href":"https:\/\/www.facet.unt.edu.ar\/facetinforma\/wp-json\/wp\/v2\/comments?post=29824"}],"version-history":[{"count":6,"href":"https:\/\/www.facet.unt.edu.ar\/facetinforma\/wp-json\/wp\/v2\/posts\/29824\/revisions"}],"predecessor-version":[{"id":29840,"href":"https:\/\/www.facet.unt.edu.ar\/facetinforma\/wp-json\/wp\/v2\/posts\/29824\/revisions\/29840"}],"wp:featuredmedia":[{"embeddable":true,"href":"https:\/\/www.facet.unt.edu.ar\/facetinforma\/wp-json\/wp\/v2\/media\/29825"}],"wp:attachment":[{"href":"https:\/\/www.facet.unt.edu.ar\/facetinforma\/wp-json\/wp\/v2\/media?parent=29824"}],"wp:term":[{"taxonomy":"category","embeddable":true,"href":"https:\/\/www.facet.unt.edu.ar\/facetinforma\/wp-json\/wp\/v2\/categories?post=29824"},{"taxonomy":"post_tag","embeddable":true,"href":"https:\/\/www.facet.unt.edu.ar\/facetinforma\/wp-json\/wp\/v2\/tags?post=29824"}],"curies":[{"name":"wp","href":"https:\/\/api.w.org\/{rel}","templated":true}]}}