{"id":29871,"date":"2025-10-24T10:02:39","date_gmt":"2025-10-24T13:02:39","guid":{"rendered":"https:\/\/www.facet.unt.edu.ar\/facetinforma\/?p=29871"},"modified":"2025-10-24T10:03:07","modified_gmt":"2025-10-24T13:03:07","slug":"entrega-de-certificados-de-cursos-de-capacitacion-en-la-facet","status":"publish","type":"post","link":"https:\/\/www.facet.unt.edu.ar\/facetinforma\/2025\/10\/24\/entrega-de-certificados-de-cursos-de-capacitacion-en-la-facet\/","title":{"rendered":"Entrega de certificados de cursos de capacitaci\u00f3n en la FACET"},"content":{"rendered":"<div id=\"pl-29871\"  class=\"panel-layout\" ><div id=\"pg-29871-0\"  class=\"panel-grid panel-no-style\" ><div id=\"pgc-29871-0-0\"  class=\"panel-grid-cell\" ><div id=\"panel-29871-0-0-0\" class=\"so-panel widget widget_media_image panel-first-child panel-last-child\" data-index=\"0\" ><img width=\"1080\" height=\"1080\" src=\"https:\/\/www.facet.unt.edu.ar\/facetinforma\/wp-content\/uploads\/sites\/9\/2025\/10\/IMAGEN-FACET-INFORMA-19.png\" class=\"image wp-image-29872  attachment-full size-full\" alt=\"\" decoding=\"async\" loading=\"lazy\" style=\"max-width: 100%; height: auto;\" \/><\/div><\/div><div id=\"pgc-29871-0-1\"  class=\"panel-grid-cell\" ><div id=\"panel-29871-0-1-0\" class=\"so-panel widget widget_sow-editor panel-first-child\" data-index=\"1\" ><div\n\t\t\t\n\t\t\tclass=\"so-widget-sow-editor so-widget-sow-editor-base\"\n\t\t\t\n\t\t>\n<div class=\"siteorigin-widget-tinymce textwidget\">\n\t<div class=\"adn ads\" data-message-id=\"#msg-a:r7186460861686335858\" data-legacy-message-id=\"19a164723325a67a\">\n<div class=\"gs\">\n<div class=\"\">\n<div id=\":lq\" class=\"ii gt\">\n<div id=\":lp\" class=\"a3s aiL \">\n<div>\n<div>\n<p>En el d\u00eda de ayer, en la Facultad de Ciencias Exactas y Tecnolog\u00eda de la Universidad Nacional de Tucum\u00e1n (FACET-UNT), se realiz\u00f3 la entrega de certificados a los participantes de los cursos<strong> \u201cIntroducci\u00f3n a las mediciones mec\u00e1nicas y el\u00e9ctricas orientado al diagn\u00f3stico de fallas y mantenimiento automotriz\u201d<\/strong> y <strong>\u201cMantenimiento, instalaci\u00f3n y reparaci\u00f3n de aire acondicionado Split hasta 6000 frigor\u00edas\u201d.<\/strong><\/p>\n<p>El acto cont\u00f3 con la presencia del Vicedecano de la FACET, <strong>Mg. Ing. Eduardo Martel<\/strong>, quien destac\u00f3 la importancia de estas instancias de formaci\u00f3n continua como parte del compromiso de la Facultad con la comunidad y con la capacitaci\u00f3n t\u00e9cnica para el trabajo.<\/p>\n<p>Tambi\u00e9n participaron los docentes responsables de ambos cursos: el <strong>Ing. Jorge Bustos, el Lic. Jorge L\u00f3pez, el Ing. Sebasti\u00e1n Chico y el T\u00e9c. Miguel G\u00f3mez, bajo la coordinaci\u00f3n general del Ing. Juan Carlos Santana S\u00e1nchez<\/strong>, Jefe del Departamento Mec\u00e1nica.<\/p>\n<p>Durante la ceremonia, el Ing. Eduardo Martel subray\u00f3 la relevancia de estas propuestas formativas, resaltando la necesidad de contar con personal calificado para realizar tareas espec\u00edficas en el medio productivo y valorando el uso de los talleres de la Facultad como espacios de aprendizaje y servicio a la sociedad.<\/p>\n<blockquote>\n<p><span><em>\u201cEstamos brindando a los participantes herramientas concretas para que puedan desarrollarse profesionalmente, y al mismo tiempo fortaleciendo el v\u00ednculo entre la Facultad y el entorno social, que demanda t\u00e9cnicos competentes y comprometidos\u201d<\/em>, expres\u00f3 el Ing. Martel.<\/span><\/p>\n<\/blockquote>\n<p>Con esta actividad, la FACET reafirma su compromiso con la formaci\u00f3n t\u00e9cnica, la vinculaci\u00f3n con el medio y la transferencia de conocimiento, consolid\u00e1ndose como un espacio acad\u00e9mico que promueve la innovaci\u00f3n, el trabajo colaborativo y la formaci\u00f3n permanente.<\/p>\n<\/div>\n<\/div>\n<\/div>\n<\/div>\n<\/div>\n<\/div>\n<\/div>\n<\/div>\n<\/div><\/div><div id=\"panel-29871-0-1-1\" class=\"so-panel widget widget_sow-slider panel-last-child\" data-index=\"2\" ><div\n\t\t\t\n\t\t\tclass=\"so-widget-sow-slider so-widget-sow-slider-default-53fd0f98de19-29871\"\n\t\t\t\n\t\t><div class=\"sow-slider-base\" style=\"display: none\"><ul\n\t\t\t\t\tclass=\"sow-slider-images\"\n\t\t\t\t\tdata-settings=\"{&quot;pagination&quot;:true,&quot;speed&quot;:800,&quot;timeout&quot;:8000,&quot;paused&quot;:false,&quot;pause_on_hover&quot;:false,&quot;swipe&quot;:true,&quot;nav_always_show_desktop&quot;:&quot;&quot;,&quot;nav_always_show_mobile&quot;:&quot;&quot;,&quot;breakpoint&quot;:&quot;780px&quot;,&quot;unmute&quot;:false,&quot;anchor&quot;:null}\"\n\t\t\t\t\t\t\t\t\t\tdata-anchor-id=\"\"\n\t\t\t\t>\t\t<li class=\"sow-slider-image  sow-slider-image-cover\" style=\"visibility: visible;;background-image: url(https:\/\/www.facet.unt.edu.ar\/facetinforma\/wp-content\/uploads\/sites\/9\/2025\/10\/image-17.png)\" >\n\t\t\t\t\t\t\t\t\t<img width=\"845\" height=\"630\" src=\"https:\/\/www.facet.unt.edu.ar\/facetinforma\/wp-content\/uploads\/sites\/9\/2025\/10\/image-17.png\" class=\"sow-slider-background-image skip-lazy\" alt=\"\" decoding=\"async\" loading=\"eager\" \/>\t\t\t\t\t\t\t\t<\/li>\n\t\t<\/ul>\t\t\t\t<ol class=\"sow-slider-pagination\">\n\t\t\t\t\t\t\t\t\t\t\t<li><a href=\"#\" data-goto=\"0\" aria-label=\"mostrar diapositiva 1\"><\/a><\/li>\n\t\t\t\t\t\t\t\t\t<\/ol>\n\n\t\t\t\t<div class=\"sow-slide-nav sow-slide-nav-next\">\n\t\t\t\t\t<a href=\"#\" data-goto=\"next\" aria-label=\"diapositiva siguiente\" data-action=\"next\">\n\t\t\t\t\t\t<em class=\"sow-sld-icon-thin-right\"><\/em>\n\t\t\t\t\t<\/a>\n\t\t\t\t<\/div>\n\n\t\t\t\t<div class=\"sow-slide-nav sow-slide-nav-prev\">\n\t\t\t\t\t<a href=\"#\" data-goto=\"previous\" aria-label=\"diapositiva anterior\" data-action=\"prev\">\n\t\t\t\t\t\t<em class=\"sow-sld-icon-thin-left\"><\/em>\n\t\t\t\t\t<\/a>\n\t\t\t\t<\/div>\n\t\t\t\t<\/div><\/div><\/div><\/div><\/div><\/div>","protected":false},"excerpt":{"rendered":"<p>En el d\u00eda de ayer, en la Facultad de Ciencias Exactas y Tecnolog\u00eda de la Universidad Nacional de Tucum\u00e1n (FACET-UNT), se realiz\u00f3 la entrega de certificados a los participantes de los cursos \u201cIntroducci\u00f3n a las mediciones mec\u00e1nicas y el\u00e9ctricas orientado al diagn\u00f3stico de fallas y mantenimiento automotriz\u201d y \u201cMantenimiento, instalaci\u00f3n y reparaci\u00f3n de aire acondicionado [&hellip;]<\/p>\n","protected":false},"author":123512,"featured_media":29872,"comment_status":"closed","ping_status":"closed","sticky":false,"template":"","format":"standard","meta":[],"categories":[1],"tags":[],"_links":{"self":[{"href":"https:\/\/www.facet.unt.edu.ar\/facetinforma\/wp-json\/wp\/v2\/posts\/29871"}],"collection":[{"href":"https:\/\/www.facet.unt.edu.ar\/facetinforma\/wp-json\/wp\/v2\/posts"}],"about":[{"href":"https:\/\/www.facet.unt.edu.ar\/facetinforma\/wp-json\/wp\/v2\/types\/post"}],"author":[{"embeddable":true,"href":"https:\/\/www.facet.unt.edu.ar\/facetinforma\/wp-json\/wp\/v2\/users\/123512"}],"replies":[{"embeddable":true,"href":"https:\/\/www.facet.unt.edu.ar\/facetinforma\/wp-json\/wp\/v2\/comments?post=29871"}],"version-history":[{"count":11,"href":"https:\/\/www.facet.unt.edu.ar\/facetinforma\/wp-json\/wp\/v2\/posts\/29871\/revisions"}],"predecessor-version":[{"id":29884,"href":"https:\/\/www.facet.unt.edu.ar\/facetinforma\/wp-json\/wp\/v2\/posts\/29871\/revisions\/29884"}],"wp:featuredmedia":[{"embeddable":true,"href":"https:\/\/www.facet.unt.edu.ar\/facetinforma\/wp-json\/wp\/v2\/media\/29872"}],"wp:attachment":[{"href":"https:\/\/www.facet.unt.edu.ar\/facetinforma\/wp-json\/wp\/v2\/media?parent=29871"}],"wp:term":[{"taxonomy":"category","embeddable":true,"href":"https:\/\/www.facet.unt.edu.ar\/facetinforma\/wp-json\/wp\/v2\/categories?post=29871"},{"taxonomy":"post_tag","embeddable":true,"href":"https:\/\/www.facet.unt.edu.ar\/facetinforma\/wp-json\/wp\/v2\/tags?post=29871"}],"curies":[{"name":"wp","href":"https:\/\/api.w.org\/{rel}","templated":true}]}}