{"id":29915,"date":"2025-11-06T12:06:50","date_gmt":"2025-11-06T15:06:50","guid":{"rendered":"https:\/\/www.facet.unt.edu.ar\/facetinforma\/?p=29915"},"modified":"2025-11-06T12:07:00","modified_gmt":"2025-11-06T15:07:00","slug":"mesa-panel-sobre-inteligencia-artificial-reunio-a-destacados-referentes-en-la-facet","status":"publish","type":"post","link":"https:\/\/www.facet.unt.edu.ar\/facetinforma\/2025\/11\/06\/mesa-panel-sobre-inteligencia-artificial-reunio-a-destacados-referentes-en-la-facet\/","title":{"rendered":"Mesa Panel sobre Inteligencia Artificial reuni\u00f3 a destacados referentes en la FACET"},"content":{"rendered":"<div id=\"pl-29915\"  class=\"panel-layout\" ><div id=\"pg-29915-0\"  class=\"panel-grid panel-no-style\" ><div id=\"pgc-29915-0-0\"  class=\"panel-grid-cell\" ><div id=\"panel-29915-0-0-0\" class=\"so-panel widget widget_media_image panel-first-child panel-last-child\" data-index=\"0\" ><img width=\"1280\" height=\"1280\" src=\"https:\/\/www.facet.unt.edu.ar\/facetinforma\/wp-content\/uploads\/sites\/9\/2025\/11\/WhatsApp-Image-2025-11-06-at-11.46.26-AM.jpeg\" class=\"image wp-image-29916  attachment-full size-full\" alt=\"\" decoding=\"async\" loading=\"lazy\" style=\"max-width: 100%; height: auto;\" \/><\/div><\/div><div id=\"pgc-29915-0-1\"  class=\"panel-grid-cell\" ><div id=\"panel-29915-0-1-0\" class=\"so-panel widget widget_sow-editor panel-first-child\" data-index=\"1\" ><div\n\t\t\t\n\t\t\tclass=\"so-widget-sow-editor so-widget-sow-editor-base\"\n\t\t\t\n\t\t>\n<div class=\"siteorigin-widget-tinymce textwidget\">\n\t<p><span style=\"font-weight: 400;\">En el marco de las 32\u00b0 Jornadas de J\u00f3venes Investigadores 2025 de la AUGM y la XXIII Semana de Ingenier\u00eda Industrial, de Producci\u00f3n y Mec\u00e1nica Sudamericana \u2013 SEPROSUL 2025, se llev\u00f3 a cabo la mesa panel \u201cImpacto de la Inteligencia Artificial en la Industria y el Desarrollo Productivo en la Regi\u00f3n\u201d.<\/span><\/p>\n<p><span style=\"font-weight: 400;\">El encuentro tuvo lugar hoy a las 9:00 h en la Sala de Audiovisuales de la FACET (Bloque 3, 1\u00b0 piso), y convoc\u00f3 a docentes, investigadores y profesionales del \u00e1mbito de la ingenier\u00eda mec\u00e1nica e industrial.<\/span><\/p>\n<p><span style=\"font-weight: 400;\">\u00a0<\/span><span style=\"font-weight: 400;\">La apertura estuvo a cargo del Dr. Oscar Quiroga, coordinador del N\u00facleo Disciplinario de Ingenier\u00eda Mec\u00e1nica y de la Producci\u00f3n de la Asociaci\u00f3n de Universidades Grupo Montevideo (AUGM), quien destac\u00f3 la importancia de promover espacios de reflexi\u00f3n sobre los desaf\u00edos y oportunidades que presenta la Inteligencia Artificial para los sistemas productivos de la regi\u00f3n.<\/span><\/p>\n<p><span style=\"font-weight: 400;\">\u00a0<\/span><span style=\"font-weight: 400;\">El panel cont\u00f3 con la participaci\u00f3n de destacados especialistas del sector acad\u00e9mico y productivo:<\/span><\/p>\n<ul>\n<li><span style=\"font-weight: 400;\">Mg.Josefina Dom\u00ednguez \u2013 SERIE<\/span><\/li>\n<li><span style=\"font-weight: 400;\">Lic. Maximiliano Mart\u00ednez \u2013 IDEP<\/span><\/li>\n<li><span style=\"font-weight: 400;\">Dr. Marco Rossi \u2013 Facultad de Derecho (UNT)<\/span><\/li>\n<li><span style=\"font-weight: 400;\">Dra. Florencia Andriani \u2013 UIT<\/span><\/li>\n<li><span style=\"font-weight: 400;\">Dr. Ing. Miguel \u00c1ngel Cabrera \u2013 FACET (UNT)<\/span><\/li>\n<\/ul>\n<p><span style=\"font-weight: 400;\">\u00a0<\/span><span style=\"font-weight: 400;\">Durante el encuentro, se analizaron las implicancias de la Inteligencia Artificial en los procesos industriales, su impacto en la generaci\u00f3n de empleo, la transformaci\u00f3n digital y las nuevas demandas de formaci\u00f3n profesional. Cada disertaci\u00f3n tuvo una duraci\u00f3n aproximada de 15 minutos, con posibilidad de acompa\u00f1ar la presentaci\u00f3n mediante diapositivas.<\/span><\/p>\n<p><span style=\"font-weight: 400;\">\u00a0<\/span><i><span style=\"font-weight: 400;\">Esta actividad reafirm\u00f3 el compromiso de la FACET y la AUGM con la promoci\u00f3n de espacios de debate y construcci\u00f3n colectiva de conocimiento frente a los cambios tecnol\u00f3gicos que atraviesan nuestras econom\u00edas.<\/span><\/i><\/p>\n<\/div>\n<\/div><\/div><div id=\"panel-29915-0-1-1\" class=\"so-panel widget widget_sow-slider panel-last-child\" data-index=\"2\" ><div\n\t\t\t\n\t\t\tclass=\"so-widget-sow-slider so-widget-sow-slider-default-53fd0f98de19-29915\"\n\t\t\t\n\t\t><div class=\"sow-slider-base\" style=\"display: none\"><ul\n\t\t\t\t\tclass=\"sow-slider-images\"\n\t\t\t\t\tdata-settings=\"{&quot;pagination&quot;:true,&quot;speed&quot;:800,&quot;timeout&quot;:8000,&quot;paused&quot;:false,&quot;pause_on_hover&quot;:false,&quot;swipe&quot;:true,&quot;nav_always_show_desktop&quot;:&quot;&quot;,&quot;nav_always_show_mobile&quot;:&quot;&quot;,&quot;breakpoint&quot;:&quot;780px&quot;,&quot;unmute&quot;:false,&quot;anchor&quot;:null}\"\n\t\t\t\t\t\t\t\t\t\tdata-anchor-id=\"\"\n\t\t\t\t>\t\t<li class=\"sow-slider-image  sow-slider-image-cover\" style=\"visibility: visible;;background-image: url(https:\/\/www.facet.unt.edu.ar\/facetinforma\/wp-content\/uploads\/sites\/9\/2025\/11\/WhatsApp-Image-2025-11-06-at-11.47.05-AM-3.jpeg)\" >\n\t\t\t\t\t\t\t\t\t<img width=\"1280\" height=\"1280\" src=\"https:\/\/www.facet.unt.edu.ar\/facetinforma\/wp-content\/uploads\/sites\/9\/2025\/11\/WhatsApp-Image-2025-11-06-at-11.47.05-AM-3.jpeg\" class=\"sow-slider-background-image skip-lazy\" alt=\"\" decoding=\"async\" loading=\"eager\" \/>\t\t\t\t\t\t\t\t<\/li>\n\t\t\t\t<li class=\"sow-slider-image  sow-slider-image-cover\" style=\"visibility: hidden;;background-image: url(https:\/\/www.facet.unt.edu.ar\/facetinforma\/wp-content\/uploads\/sites\/9\/2025\/11\/WhatsApp-Image-2025-11-06-at-11.47.05-AM-2.jpeg)\" >\n\t\t\t\t\t\t\t\t\t<img width=\"960\" height=\"1280\" src=\"https:\/\/www.facet.unt.edu.ar\/facetinforma\/wp-content\/uploads\/sites\/9\/2025\/11\/WhatsApp-Image-2025-11-06-at-11.47.05-AM-2.jpeg\" class=\"sow-slider-background-image skip-lazy\" alt=\"\" decoding=\"async\" loading=\"eager\" \/>\t\t\t\t\t\t\t\t<\/li>\n\t\t\t\t<li class=\"sow-slider-image  sow-slider-image-cover\" style=\"visibility: hidden;;background-image: url(https:\/\/www.facet.unt.edu.ar\/facetinforma\/wp-content\/uploads\/sites\/9\/2025\/11\/WhatsApp-Image-2025-11-06-at-11.47.05-AM-1.jpeg)\" >\n\t\t\t\t\t\t\t\t\t<img width=\"960\" height=\"1280\" src=\"https:\/\/www.facet.unt.edu.ar\/facetinforma\/wp-content\/uploads\/sites\/9\/2025\/11\/WhatsApp-Image-2025-11-06-at-11.47.05-AM-1.jpeg\" class=\"sow-slider-background-image skip-lazy\" alt=\"\" decoding=\"async\" loading=\"eager\" \/>\t\t\t\t\t\t\t\t<\/li>\n\t\t\t\t<li class=\"sow-slider-image  sow-slider-image-cover\" style=\"visibility: hidden;;background-image: url(https:\/\/www.facet.unt.edu.ar\/facetinforma\/wp-content\/uploads\/sites\/9\/2025\/11\/WhatsApp-Image-2025-11-06-at-11.47.05-AM.jpeg)\" >\n\t\t\t\t\t\t\t\t\t<img width=\"960\" height=\"1280\" src=\"https:\/\/www.facet.unt.edu.ar\/facetinforma\/wp-content\/uploads\/sites\/9\/2025\/11\/WhatsApp-Image-2025-11-06-at-11.47.05-AM.jpeg\" class=\"sow-slider-background-image skip-lazy\" alt=\"\" decoding=\"async\" loading=\"eager\" \/>\t\t\t\t\t\t\t\t<\/li>\n\t\t\t\t<li class=\"sow-slider-image  sow-slider-image-cover\" style=\"visibility: hidden;;background-image: url(https:\/\/www.facet.unt.edu.ar\/facetinforma\/wp-content\/uploads\/sites\/9\/2025\/11\/WhatsApp-Image-2025-11-06-at-11.47.04-AM.jpeg)\" >\n\t\t\t\t\t\t\t\t\t<img width=\"720\" height=\"1280\" src=\"https:\/\/www.facet.unt.edu.ar\/facetinforma\/wp-content\/uploads\/sites\/9\/2025\/11\/WhatsApp-Image-2025-11-06-at-11.47.04-AM.jpeg\" class=\"sow-slider-background-image skip-lazy\" alt=\"\" decoding=\"async\" loading=\"eager\" \/>\t\t\t\t\t\t\t\t<\/li>\n\t\t<\/ul>\t\t\t\t<ol class=\"sow-slider-pagination\">\n\t\t\t\t\t\t\t\t\t\t\t<li><a href=\"#\" data-goto=\"0\" aria-label=\"mostrar diapositiva 1\"><\/a><\/li>\n\t\t\t\t\t\t\t\t\t\t\t<li><a href=\"#\" data-goto=\"1\" aria-label=\"mostrar diapositiva 2\"><\/a><\/li>\n\t\t\t\t\t\t\t\t\t\t\t<li><a href=\"#\" data-goto=\"2\" aria-label=\"mostrar diapositiva 3\"><\/a><\/li>\n\t\t\t\t\t\t\t\t\t\t\t<li><a href=\"#\" data-goto=\"3\" aria-label=\"mostrar diapositiva 4\"><\/a><\/li>\n\t\t\t\t\t\t\t\t\t\t\t<li><a href=\"#\" data-goto=\"4\" aria-label=\"mostrar diapositiva 5\"><\/a><\/li>\n\t\t\t\t\t\t\t\t\t<\/ol>\n\n\t\t\t\t<div class=\"sow-slide-nav sow-slide-nav-next\">\n\t\t\t\t\t<a href=\"#\" data-goto=\"next\" aria-label=\"diapositiva siguiente\" data-action=\"next\">\n\t\t\t\t\t\t<em class=\"sow-sld-icon-thin-right\"><\/em>\n\t\t\t\t\t<\/a>\n\t\t\t\t<\/div>\n\n\t\t\t\t<div class=\"sow-slide-nav sow-slide-nav-prev\">\n\t\t\t\t\t<a href=\"#\" data-goto=\"previous\" aria-label=\"diapositiva anterior\" data-action=\"prev\">\n\t\t\t\t\t\t<em class=\"sow-sld-icon-thin-left\"><\/em>\n\t\t\t\t\t<\/a>\n\t\t\t\t<\/div>\n\t\t\t\t<\/div><\/div><\/div><\/div><\/div><\/div>","protected":false},"excerpt":{"rendered":"<p>En el marco de las 32\u00b0 Jornadas de J\u00f3venes Investigadores 2025 de la AUGM y la XXIII Semana de Ingenier\u00eda Industrial, de Producci\u00f3n y Mec\u00e1nica Sudamericana \u2013 SEPROSUL 2025, se llev\u00f3 a cabo la mesa panel \u201cImpacto de la Inteligencia Artificial en la Industria y el Desarrollo Productivo en la Regi\u00f3n\u201d. El encuentro tuvo lugar [&hellip;]<\/p>\n","protected":false},"author":123512,"featured_media":29916,"comment_status":"closed","ping_status":"closed","sticky":false,"template":"","format":"standard","meta":[],"categories":[1],"tags":[],"_links":{"self":[{"href":"https:\/\/www.facet.unt.edu.ar\/facetinforma\/wp-json\/wp\/v2\/posts\/29915"}],"collection":[{"href":"https:\/\/www.facet.unt.edu.ar\/facetinforma\/wp-json\/wp\/v2\/posts"}],"about":[{"href":"https:\/\/www.facet.unt.edu.ar\/facetinforma\/wp-json\/wp\/v2\/types\/post"}],"author":[{"embeddable":true,"href":"https:\/\/www.facet.unt.edu.ar\/facetinforma\/wp-json\/wp\/v2\/users\/123512"}],"replies":[{"embeddable":true,"href":"https:\/\/www.facet.unt.edu.ar\/facetinforma\/wp-json\/wp\/v2\/comments?post=29915"}],"version-history":[{"count":10,"href":"https:\/\/www.facet.unt.edu.ar\/facetinforma\/wp-json\/wp\/v2\/posts\/29915\/revisions"}],"predecessor-version":[{"id":29931,"href":"https:\/\/www.facet.unt.edu.ar\/facetinforma\/wp-json\/wp\/v2\/posts\/29915\/revisions\/29931"}],"wp:featuredmedia":[{"embeddable":true,"href":"https:\/\/www.facet.unt.edu.ar\/facetinforma\/wp-json\/wp\/v2\/media\/29916"}],"wp:attachment":[{"href":"https:\/\/www.facet.unt.edu.ar\/facetinforma\/wp-json\/wp\/v2\/media?parent=29915"}],"wp:term":[{"taxonomy":"category","embeddable":true,"href":"https:\/\/www.facet.unt.edu.ar\/facetinforma\/wp-json\/wp\/v2\/categories?post=29915"},{"taxonomy":"post_tag","embeddable":true,"href":"https:\/\/www.facet.unt.edu.ar\/facetinforma\/wp-json\/wp\/v2\/tags?post=29915"}],"curies":[{"name":"wp","href":"https:\/\/api.w.org\/{rel}","templated":true}]}}