{"id":30023,"date":"2025-11-28T11:30:01","date_gmt":"2025-11-28T14:30:01","guid":{"rendered":"https:\/\/www.facet.unt.edu.ar\/facetinforma\/?p=30023"},"modified":"2025-11-28T11:30:06","modified_gmt":"2025-11-28T14:30:06","slug":"la-facet-celebro-el-egreso-de-57-profesionales-de-la-diplomatura-en-peritaje-informatico-y-forensia-digital","status":"publish","type":"post","link":"https:\/\/www.facet.unt.edu.ar\/facetinforma\/2025\/11\/28\/la-facet-celebro-el-egreso-de-57-profesionales-de-la-diplomatura-en-peritaje-informatico-y-forensia-digital\/","title":{"rendered":"La FACET celebr\u00f3 el egreso de 57 profesionales de la Diplomatura en Peritaje Inform\u00e1tico y Forensia Digital"},"content":{"rendered":"<div id=\"pl-30023\"  class=\"panel-layout\" ><div id=\"pg-30023-0\"  class=\"panel-grid panel-no-style\" ><div id=\"pgc-30023-0-0\"  class=\"panel-grid-cell\" ><div id=\"panel-30023-0-0-0\" class=\"so-panel widget widget_media_image panel-first-child panel-last-child\" data-index=\"0\" ><img width=\"4284\" height=\"4284\" src=\"https:\/\/www.facet.unt.edu.ar\/facetinforma\/wp-content\/uploads\/sites\/9\/2025\/11\/unnamed-2025-11-28T112226.715.jpg\" class=\"image wp-image-30024  attachment-full size-full\" alt=\"\" decoding=\"async\" loading=\"lazy\" style=\"max-width: 100%; height: auto;\" \/><\/div><\/div><div id=\"pgc-30023-0-1\"  class=\"panel-grid-cell\" ><div id=\"panel-30023-0-1-0\" class=\"so-panel widget widget_sow-editor panel-first-child\" data-index=\"1\" ><div\n\t\t\t\n\t\t\tclass=\"so-widget-sow-editor so-widget-sow-editor-base\"\n\t\t\t\n\t\t>\n<div class=\"siteorigin-widget-tinymce textwidget\">\n\t<p><span style=\"font-weight: 400;\">El pasado jueves 20 de noviembre en la Facultad de Ciencias Exactas y Tecnolog\u00eda de la UNT, se llev\u00f3 adelante el acto de colaci\u00f3n de la 2\u00aa cohorte de la Diplomatura en Peritaje Inform\u00e1tico y Forensia Digital, un trayecto acad\u00e9mico que este a\u00f1o concluy\u00f3 con 57 nuevos egresados y egresadas. La ceremonia cont\u00f3 con la presencia de autoridades universitarias, acad\u00e9micas, judiciales y de los organismos de seguridad de la provincia.<\/span><\/p>\n<p><span style=\"font-weight: 400;\">El acto estuvo encabezado por el Decano de la FACET, Dr. Ing. Miguel \u00c1ngel Cabrera; la Secretaria Acad\u00e9mica, Ing. Mar\u00eda Fernanda Guzm\u00e1n; la Secretaria de Gesti\u00f3n y Extensi\u00f3n y Directora T\u00e9cnica de la carrera, Ing. Nora Perotti; y la Directora Acad\u00e9mica de la Diplomatura, Dra. Alejandra Silva.<\/span><\/p>\n<p><span style=\"font-weight: 400;\">Tambi\u00e9n participaron jefes de departamento, docentes de la casa, representantes del Poder Judicial, del Ministerio de Seguridad, de la Polic\u00eda de Tucum\u00e1n y del Departamento de Inteligencia Criminal, adem\u00e1s de familiares y miembros de la comunidad acad\u00e9mica.<\/span><\/p>\n<p>&nbsp;<\/p>\n<p><em><span style=\"font-weight: 400;\">Una formaci\u00f3n estrat\u00e9gica para los desaf\u00edos del mundo digital<\/span><\/em><\/p>\n<p><span style=\"font-weight: 400;\">La Diplomatura surge de la necesidad creciente de contar con especialistas capaces de intervenir con solvencia t\u00e9cnica y rigor \u00e9tico en el an\u00e1lisis de evidencias digitales y en la comprensi\u00f3n de nuevas modalidades delictivas en entornos tecnol\u00f3gicos.<\/span><\/p>\n<p><span style=\"font-weight: 400;\">Durante la ceremonia, la Dra. Alejandra Silva, Directora Acad\u00e9mica de la carrera, destac\u00f3 la importancia del trayecto formativo:<\/span><\/p>\n<p><em><span style=\"font-weight: 400;\">\u201cEsta diplomatura naci\u00f3 para responder a un requerimiento real del sistema judicial y de los organismos de seguridad. Hoy celebramos una cohorte comprometida, con alto nivel t\u00e9cnico y con una clara vocaci\u00f3n de servicio. Estos 57 profesionales est\u00e1n preparados para aportar soluciones en un escenario digital cada vez m\u00e1s complejo y desafiante.\u201d<\/span><\/em><\/p>\n<p>&nbsp;<\/p>\n<p><em><span style=\"font-weight: 400;\">El compromiso institucional<\/span><\/em><\/p>\n<p><span style=\"font-weight: 400;\">Por su parte, el Decano de la FACET, Dr. Ing. Miguel \u00c1ngel Cabrera, remarc\u00f3 el rol estrat\u00e9gico de la Universidad p\u00fablica en la formaci\u00f3n de especialistas.<\/span><\/p>\n<p><em><span style=\"font-weight: 400;\">\u201cLa FACET reafirma su compromiso con una educaci\u00f3n p\u00fablica, de calidad y orientada a las necesidades de la sociedad. Estos nuevos egresados representan el esfuerzo colectivo de una facultad que trabaja para ofrecer propuestas acad\u00e9micas que respondan a los retos de la transformaci\u00f3n digital. Nos enorgullece acompa\u00f1arlos en este logro y saber que llevar\u00e1n sus conocimientos al servicio de la justicia, la tecnolog\u00eda y la comunidad.\"<\/span><\/em><\/p>\n<p>&nbsp;<\/p>\n<p><em><span style=\"font-weight: 400;\">Entrega de certificados y cierre<\/span><\/em><\/p>\n<p><span style=\"font-weight: 400;\">Tras los mensajes institucionales, se realiz\u00f3 la entrega de certificados a los egresados y egresadas de la segunda cohorte. El acto incluy\u00f3 adem\u00e1s las palabras del egresado Mart\u00edn Miguel Fern\u00e1ndez y del docente Dr. Gerardo Marranzino, quienes compartieron sus experiencias y reflexiones sobre el impacto profesional y humano de la formaci\u00f3n.<\/span><\/p>\n<p><span style=\"font-weight: 400;\">La ceremonia culmin\u00f3 con un reconocimiento especial al equipo docente, t\u00e9cnico y de coordinaci\u00f3n, y a las familias que acompa\u00f1aron todo el proceso formativo.<\/span><\/p>\n<p><strong>Con esta nueva cohorte, la FACET\u2013UNT contin\u00faa consolidando su liderazgo en propuestas acad\u00e9micas vinculadas a la investigaci\u00f3n, la tecnolog\u00eda y la innovaci\u00f3n aplicadas al \u00e1mbito judicial.<\/strong><\/p>\n<p>&nbsp;<\/p>\n<\/div>\n<\/div><\/div><div id=\"panel-30023-0-1-1\" class=\"so-panel widget widget_sow-slider panel-last-child\" data-index=\"2\" ><div\n\t\t\t\n\t\t\tclass=\"so-widget-sow-slider so-widget-sow-slider-default-53fd0f98de19-30023\"\n\t\t\t\n\t\t><div class=\"sow-slider-base\" style=\"display: none\"><ul\n\t\t\t\t\tclass=\"sow-slider-images\"\n\t\t\t\t\tdata-settings=\"{&quot;pagination&quot;:true,&quot;speed&quot;:800,&quot;timeout&quot;:8000,&quot;paused&quot;:false,&quot;pause_on_hover&quot;:false,&quot;swipe&quot;:true,&quot;nav_always_show_desktop&quot;:&quot;&quot;,&quot;nav_always_show_mobile&quot;:&quot;&quot;,&quot;breakpoint&quot;:&quot;780px&quot;,&quot;unmute&quot;:false,&quot;anchor&quot;:null}\"\n\t\t\t\t\t\t\t\t\t\tdata-anchor-id=\"\"\n\t\t\t\t>\t\t<li class=\"sow-slider-image  sow-slider-image-cover\" style=\"visibility: visible;;background-image: url(https:\/\/www.facet.unt.edu.ar\/facetinforma\/wp-content\/uploads\/sites\/9\/2025\/11\/Acto_Ale-8.jpg)\" >\n\t\t\t\t\t\t\t\t\t<img width=\"5000\" height=\"3571\" src=\"https:\/\/www.facet.unt.edu.ar\/facetinforma\/wp-content\/uploads\/sites\/9\/2025\/11\/Acto_Ale-8.jpg\" class=\"sow-slider-background-image skip-lazy\" alt=\"\" decoding=\"async\" loading=\"eager\" \/>\t\t\t\t\t\t\t\t<\/li>\n\t\t\t\t<li class=\"sow-slider-image  sow-slider-image-cover\" style=\"visibility: hidden;;background-image: url(https:\/\/www.facet.unt.edu.ar\/facetinforma\/wp-content\/uploads\/sites\/9\/2025\/11\/Acto_Ale-22.jpg)\" >\n\t\t\t\t\t\t\t\t\t<img width=\"5000\" height=\"3571\" src=\"https:\/\/www.facet.unt.edu.ar\/facetinforma\/wp-content\/uploads\/sites\/9\/2025\/11\/Acto_Ale-22.jpg\" class=\"sow-slider-background-image skip-lazy\" alt=\"\" decoding=\"async\" loading=\"eager\" \/>\t\t\t\t\t\t\t\t<\/li>\n\t\t\t\t<li class=\"sow-slider-image  sow-slider-image-cover\" style=\"visibility: hidden;;background-image: url(https:\/\/www.facet.unt.edu.ar\/facetinforma\/wp-content\/uploads\/sites\/9\/2025\/11\/Acto_Ale-40.jpg)\" >\n\t\t\t\t\t\t\t\t\t<img width=\"5000\" height=\"3571\" src=\"https:\/\/www.facet.unt.edu.ar\/facetinforma\/wp-content\/uploads\/sites\/9\/2025\/11\/Acto_Ale-40.jpg\" class=\"sow-slider-background-image skip-lazy\" alt=\"\" decoding=\"async\" loading=\"eager\" \/>\t\t\t\t\t\t\t\t<\/li>\n\t\t\t\t<li class=\"sow-slider-image  sow-slider-image-cover\" style=\"visibility: hidden;;background-image: url(https:\/\/www.facet.unt.edu.ar\/facetinforma\/wp-content\/uploads\/sites\/9\/2025\/11\/Acto_Ale-70.jpg)\" >\n\t\t\t\t\t\t\t\t\t<img width=\"5000\" height=\"3571\" src=\"https:\/\/www.facet.unt.edu.ar\/facetinforma\/wp-content\/uploads\/sites\/9\/2025\/11\/Acto_Ale-70.jpg\" class=\"sow-slider-background-image skip-lazy\" alt=\"\" decoding=\"async\" loading=\"eager\" \/>\t\t\t\t\t\t\t\t<\/li>\n\t\t\t\t<li class=\"sow-slider-image  sow-slider-image-cover\" style=\"visibility: hidden;;background-image: url(https:\/\/www.facet.unt.edu.ar\/facetinforma\/wp-content\/uploads\/sites\/9\/2025\/11\/Acto_Ale-139.jpg)\" >\n\t\t\t\t\t\t\t\t\t<img width=\"5000\" height=\"3571\" src=\"https:\/\/www.facet.unt.edu.ar\/facetinforma\/wp-content\/uploads\/sites\/9\/2025\/11\/Acto_Ale-139.jpg\" class=\"sow-slider-background-image skip-lazy\" alt=\"\" decoding=\"async\" loading=\"eager\" \/>\t\t\t\t\t\t\t\t<\/li>\n\t\t\t\t<li class=\"sow-slider-image  sow-slider-image-cover\" style=\"visibility: hidden;;background-image: url(https:\/\/www.facet.unt.edu.ar\/facetinforma\/wp-content\/uploads\/sites\/9\/2025\/11\/Acto_Ale-157.jpg)\" >\n\t\t\t\t\t\t\t\t\t<img width=\"5000\" height=\"3571\" src=\"https:\/\/www.facet.unt.edu.ar\/facetinforma\/wp-content\/uploads\/sites\/9\/2025\/11\/Acto_Ale-157.jpg\" class=\"sow-slider-background-image skip-lazy\" alt=\"\" decoding=\"async\" loading=\"eager\" \/>\t\t\t\t\t\t\t\t<\/li>\n\t\t\t\t<li class=\"sow-slider-image  sow-slider-image-cover\" style=\"visibility: hidden;;background-image: url(https:\/\/www.facet.unt.edu.ar\/facetinforma\/wp-content\/uploads\/sites\/9\/2025\/11\/Acto_Ale-212.jpg)\" >\n\t\t\t\t\t\t\t\t\t<img width=\"5000\" height=\"3571\" src=\"https:\/\/www.facet.unt.edu.ar\/facetinforma\/wp-content\/uploads\/sites\/9\/2025\/11\/Acto_Ale-212.jpg\" class=\"sow-slider-background-image skip-lazy\" alt=\"\" decoding=\"async\" loading=\"eager\" \/>\t\t\t\t\t\t\t\t<\/li>\n\t\t\t\t<li class=\"sow-slider-image  sow-slider-image-cover\" style=\"visibility: hidden;;background-image: url(https:\/\/www.facet.unt.edu.ar\/facetinforma\/wp-content\/uploads\/sites\/9\/2025\/11\/Acto_Ale-213.jpg)\" >\n\t\t\t\t\t\t\t\t\t<img width=\"5000\" height=\"3571\" src=\"https:\/\/www.facet.unt.edu.ar\/facetinforma\/wp-content\/uploads\/sites\/9\/2025\/11\/Acto_Ale-213.jpg\" class=\"sow-slider-background-image skip-lazy\" alt=\"\" decoding=\"async\" loading=\"eager\" \/>\t\t\t\t\t\t\t\t<\/li>\n\t\t<\/ul>\t\t\t\t<ol class=\"sow-slider-pagination\">\n\t\t\t\t\t\t\t\t\t\t\t<li><a href=\"#\" data-goto=\"0\" aria-label=\"mostrar diapositiva 1\"><\/a><\/li>\n\t\t\t\t\t\t\t\t\t\t\t<li><a href=\"#\" data-goto=\"1\" aria-label=\"mostrar diapositiva 2\"><\/a><\/li>\n\t\t\t\t\t\t\t\t\t\t\t<li><a href=\"#\" data-goto=\"2\" aria-label=\"mostrar diapositiva 3\"><\/a><\/li>\n\t\t\t\t\t\t\t\t\t\t\t<li><a href=\"#\" data-goto=\"3\" aria-label=\"mostrar diapositiva 4\"><\/a><\/li>\n\t\t\t\t\t\t\t\t\t\t\t<li><a href=\"#\" data-goto=\"4\" aria-label=\"mostrar diapositiva 5\"><\/a><\/li>\n\t\t\t\t\t\t\t\t\t\t\t<li><a href=\"#\" data-goto=\"5\" aria-label=\"mostrar diapositiva 6\"><\/a><\/li>\n\t\t\t\t\t\t\t\t\t\t\t<li><a href=\"#\" data-goto=\"6\" aria-label=\"mostrar diapositiva 7\"><\/a><\/li>\n\t\t\t\t\t\t\t\t\t\t\t<li><a href=\"#\" data-goto=\"7\" aria-label=\"mostrar diapositiva 8\"><\/a><\/li>\n\t\t\t\t\t\t\t\t\t<\/ol>\n\n\t\t\t\t<div class=\"sow-slide-nav sow-slide-nav-next\">\n\t\t\t\t\t<a href=\"#\" data-goto=\"next\" aria-label=\"diapositiva siguiente\" data-action=\"next\">\n\t\t\t\t\t\t<em class=\"sow-sld-icon-thin-right\"><\/em>\n\t\t\t\t\t<\/a>\n\t\t\t\t<\/div>\n\n\t\t\t\t<div class=\"sow-slide-nav sow-slide-nav-prev\">\n\t\t\t\t\t<a href=\"#\" data-goto=\"previous\" aria-label=\"diapositiva anterior\" data-action=\"prev\">\n\t\t\t\t\t\t<em class=\"sow-sld-icon-thin-left\"><\/em>\n\t\t\t\t\t<\/a>\n\t\t\t\t<\/div>\n\t\t\t\t<\/div><\/div><\/div><\/div><\/div><\/div>","protected":false},"excerpt":{"rendered":"<p>El pasado jueves 20 de noviembre en la Facultad de Ciencias Exactas y Tecnolog\u00eda de la UNT, se llev\u00f3 adelante el acto de colaci\u00f3n de la 2\u00aa cohorte de la Diplomatura en Peritaje Inform\u00e1tico y Forensia Digital, un trayecto acad\u00e9mico que este a\u00f1o concluy\u00f3 con 57 nuevos egresados y egresadas. La ceremonia cont\u00f3 con la [&hellip;]<\/p>\n","protected":false},"author":123512,"featured_media":30024,"comment_status":"closed","ping_status":"closed","sticky":false,"template":"","format":"standard","meta":[],"categories":[1],"tags":[],"_links":{"self":[{"href":"https:\/\/www.facet.unt.edu.ar\/facetinforma\/wp-json\/wp\/v2\/posts\/30023"}],"collection":[{"href":"https:\/\/www.facet.unt.edu.ar\/facetinforma\/wp-json\/wp\/v2\/posts"}],"about":[{"href":"https:\/\/www.facet.unt.edu.ar\/facetinforma\/wp-json\/wp\/v2\/types\/post"}],"author":[{"embeddable":true,"href":"https:\/\/www.facet.unt.edu.ar\/facetinforma\/wp-json\/wp\/v2\/users\/123512"}],"replies":[{"embeddable":true,"href":"https:\/\/www.facet.unt.edu.ar\/facetinforma\/wp-json\/wp\/v2\/comments?post=30023"}],"version-history":[{"count":6,"href":"https:\/\/www.facet.unt.edu.ar\/facetinforma\/wp-json\/wp\/v2\/posts\/30023\/revisions"}],"predecessor-version":[{"id":30038,"href":"https:\/\/www.facet.unt.edu.ar\/facetinforma\/wp-json\/wp\/v2\/posts\/30023\/revisions\/30038"}],"wp:featuredmedia":[{"embeddable":true,"href":"https:\/\/www.facet.unt.edu.ar\/facetinforma\/wp-json\/wp\/v2\/media\/30024"}],"wp:attachment":[{"href":"https:\/\/www.facet.unt.edu.ar\/facetinforma\/wp-json\/wp\/v2\/media?parent=30023"}],"wp:term":[{"taxonomy":"category","embeddable":true,"href":"https:\/\/www.facet.unt.edu.ar\/facetinforma\/wp-json\/wp\/v2\/categories?post=30023"},{"taxonomy":"post_tag","embeddable":true,"href":"https:\/\/www.facet.unt.edu.ar\/facetinforma\/wp-json\/wp\/v2\/tags?post=30023"}],"curies":[{"name":"wp","href":"https:\/\/api.w.org\/{rel}","templated":true}]}}