{"id":3023,"date":"2013-04-03T13:00:17","date_gmt":"2013-04-03T13:00:17","guid":{"rendered":"http:\/\/www1.herrera.unt.edu.ar\/facetinforma\/?p=3023"},"modified":"2013-04-03T13:00:17","modified_gmt":"2013-04-03T13:00:17","slug":"iva-convocatoria-de-movilidad-docente-a-madrid-prorroga-fecha-de-cierre","status":"publish","type":"post","link":"https:\/\/www.facet.unt.edu.ar\/facetinforma\/2013\/04\/03\/iva-convocatoria-de-movilidad-docente-a-madrid-prorroga-fecha-de-cierre\/","title":{"rendered":"IV\u00aa Convocatoria de Movilidad Docente a Madrid \u2013 Pr\u00f3rroga fecha de cierre"},"content":{"rendered":"<p>Estimados docentes:<\/p>\n<p style=\"text-align: justify\">Se informa que se ha prorrogado la fecha l\u00edmite de presentaci\u00f3n de postulantes a las Becas de Movilidad Docente a Madrid y Paris hasta el d\u00eda <strong><span style=\"color: #3366ff\">LUNES 15\u00a0DE ABRIL DE 2013<\/span><\/strong>.<\/p>\n<p style=\"text-align: justify\">El programa de movilidad docente es una iniciativa conjunta de la Secretar\u00eda de Pol\u00edticas Universitarias y del Colegio Mayor Argentino \u201cNuestra Se\u00f1ora de Luj\u00e1n\u201d.<\/p>\n<p style=\"text-align: justify\">Por mayor informaci\u00f3n de la convocatoria, ver documento adjunto: <br \/>&#8211; <a href=\"https:\/\/www.facet.unt.edu.ar\/facetinforma\/wp-content\/uploads\/sites\/9\/2013\/02\/Bases-4a-convocatoria-Movilidad-Docente-a-Madrid.pdf\" target=\"_blank\">Bases-4a-convocatoria-Movilidad-Docente-a-Madrid.pdf<\/a><\/p>\n","protected":false},"excerpt":{"rendered":"<p>Estimados docentes: Se informa que se ha prorrogado la fecha l\u00edmite de presentaci\u00f3n de postulantes a las Becas de Movilidad Docente a Madrid y Paris hasta el d\u00eda LUNES 15\u00a0DE ABRIL DE 2013. El programa de movilidad docente es una iniciativa conjunta de la Secretar\u00eda de Pol\u00edticas Universitarias y del Colegio Mayor Argentino \u201cNuestra Se\u00f1ora [&hellip;]<\/p>\n","protected":false},"author":6,"featured_media":0,"comment_status":"closed","ping_status":"open","sticky":false,"template":"","format":"standard","meta":[],"categories":[5],"tags":[],"_links":{"self":[{"href":"https:\/\/www.facet.unt.edu.ar\/facetinforma\/wp-json\/wp\/v2\/posts\/3023"}],"collection":[{"href":"https:\/\/www.facet.unt.edu.ar\/facetinforma\/wp-json\/wp\/v2\/posts"}],"about":[{"href":"https:\/\/www.facet.unt.edu.ar\/facetinforma\/wp-json\/wp\/v2\/types\/post"}],"author":[{"embeddable":true,"href":"https:\/\/www.facet.unt.edu.ar\/facetinforma\/wp-json\/wp\/v2\/users\/6"}],"replies":[{"embeddable":true,"href":"https:\/\/www.facet.unt.edu.ar\/facetinforma\/wp-json\/wp\/v2\/comments?post=3023"}],"version-history":[{"count":0,"href":"https:\/\/www.facet.unt.edu.ar\/facetinforma\/wp-json\/wp\/v2\/posts\/3023\/revisions"}],"wp:attachment":[{"href":"https:\/\/www.facet.unt.edu.ar\/facetinforma\/wp-json\/wp\/v2\/media?parent=3023"}],"wp:term":[{"taxonomy":"category","embeddable":true,"href":"https:\/\/www.facet.unt.edu.ar\/facetinforma\/wp-json\/wp\/v2\/categories?post=3023"},{"taxonomy":"post_tag","embeddable":true,"href":"https:\/\/www.facet.unt.edu.ar\/facetinforma\/wp-json\/wp\/v2\/tags?post=3023"}],"curies":[{"name":"wp","href":"https:\/\/api.w.org\/{rel}","templated":true}]}}