{"id":30348,"date":"2026-03-10T12:14:15","date_gmt":"2026-03-10T15:14:15","guid":{"rendered":"https:\/\/www.facet.unt.edu.ar\/facetinforma\/?p=30348"},"modified":"2026-03-10T12:17:11","modified_gmt":"2026-03-10T15:17:11","slug":"la-facet-impulsa-proyectos-tecnologicos-para-la-inclusion-junto-al-municipio-de-trancas","status":"publish","type":"post","link":"https:\/\/www.facet.unt.edu.ar\/facetinforma\/2026\/03\/10\/la-facet-impulsa-proyectos-tecnologicos-para-la-inclusion-junto-al-municipio-de-trancas\/","title":{"rendered":"La FACET impulsa proyectos tecnol\u00f3gicos para la inclusi\u00f3n junto al Municipio de Trancas"},"content":{"rendered":"<div id=\"pl-30348\"  class=\"panel-layout\" ><div id=\"pg-30348-0\"  class=\"panel-grid panel-no-style\" ><div id=\"pgc-30348-0-0\"  class=\"panel-grid-cell\" ><div id=\"panel-30348-0-0-0\" class=\"so-panel widget widget_media_image panel-first-child panel-last-child\" data-index=\"0\" ><img width=\"1080\" height=\"1080\" src=\"https:\/\/www.facet.unt.edu.ar\/facetinforma\/wp-content\/uploads\/sites\/9\/2026\/03\/IMAGEN-FACET-INFORMA-29.png\" class=\"image wp-image-30349  attachment-full size-full\" alt=\"\" decoding=\"async\" loading=\"lazy\" style=\"max-width: 100%; height: auto;\" \/><\/div><\/div><div id=\"pgc-30348-0-1\"  class=\"panel-grid-cell\" ><div id=\"panel-30348-0-1-0\" class=\"so-panel widget widget_sow-editor panel-first-child panel-last-child\" data-index=\"1\" ><div\n\t\t\t\n\t\t\tclass=\"so-widget-sow-editor so-widget-sow-editor-base\"\n\t\t\t\n\t\t>\n<div class=\"siteorigin-widget-tinymce textwidget\">\n\t<p>El pasado viernes 6 de marzo se llev\u00f3 a cabo en la Facultad de Ciencias Exactas y Tecnolog\u00eda (FACET) una reuni\u00f3n institucional destinada a fortalecer el trabajo conjunto en iniciativas de inclusi\u00f3n tecnol\u00f3gica para personas con discapacidad.<\/p>\n<p>Del encuentro participaron el decano de la FACET, <strong>Dr. Ing. Miguel Cabrera<\/strong>; el coordinador del Equipo Comunitario de Intervenci\u00f3n Territorial de Trancas (ECITT) y asesor en el \u00c1rea de Discapacidad del legislador Roberto Moreno, <strong>Pablo Larrosa<\/strong>; la Secretaria de Gesti\u00f3n y Extensi\u00f3n de la FACET,<strong> Ing.Nora Perotti<\/strong>; el director t\u00e9cnico del laboratorio LaBIOS, Santiago Salinas; y el director de dicho laboratorio, <strong>Ing. Eduardo Martel<\/strong>.<\/p>\n<p>Durante la reuni\u00f3n se analizaron distintas l\u00edneas de colaboraci\u00f3n entre la FACET y el municipio de Trancas, con el acompa\u00f1amiento del legislador Moreno, con el objetivo de fortalecer proyectos orientados a la inclusi\u00f3n y al desarrollo de soluciones tecnol\u00f3gicas para personas con discapacidad.<\/p>\n<p>En este sentido, se destac\u00f3 el rol que tuvo la Municipalidad de Trancas en el proyecto Tecnolog\u00edas e Innovaci\u00f3n para la Inclusi\u00f3n (TII), una iniciativa cofinanciada por la Uni\u00f3n Europea. Durante 2024, el municipio facilit\u00f3 un transporte adaptado que permiti\u00f3 que personas con discapacidad de la zona pudieran asistir a cursos y talleres formativos desarrollados en el marco del proyecto.<br \/>\nGracias a estas actividades, los participantes pudieron incorporar herramientas tecnol\u00f3gicas y conocimientos t\u00e9cnicos que contribuyen tanto a resolver necesidades cotidianas como a mejorar sus posibilidades de inserci\u00f3n laboral en \u00e1reas vinculadas a la tecnolog\u00eda.<\/p>\n<p>La visita de Larrosa tambi\u00e9n permiti\u00f3 proyectar nuevas l\u00edneas de trabajo conjunto, orientadas a consolidar un programa que integre distintos proyectos y que pueda aspirar a financiamiento de organismos nacionales e internacionales. La iniciativa apunta a seguir desarrollando soluciones concretas que mejoren la calidad de vida de personas con discapacidad.<\/p>\n<p>Durante el encuentro se analizaron diversas alternativas para comenzar a trabajar en el corto plazo. Entre ellas, se destac\u00f3 la posibilidad de desarrollar dispositivos personalizados dentro del campo de la ortopedia, utilizando tecnolog\u00edas como esc\u00e1neres 3D disponibles en el laboratorio LaBIOS, junto con otras herramientas que podr\u00edan ser aportadas por el municipio de Trancas.<\/p>\n<p><em>\u201cDesde la FACET entendemos que la universidad debe estar al servicio de la sociedad. Trabajar junto a los municipios y a distintos actores del territorio nos permite poner el conocimiento y la tecnolog\u00eda al servicio de la inclusi\u00f3n y generar soluciones concretas para mejorar la calidad de vida de las personas\u201d<\/em>, destac\u00f3 el decano Cabrera.<\/p>\n<p>Como resultado del encuentro, se acord\u00f3 avanzar en la formulaci\u00f3n y desarrollo de estos proyectos, con el objetivo de integrarlos en un programa de trabajo colaborativo que permita potenciar recursos, gestionar financiamiento y ampliar el alcance de las iniciativas inclusivas.<\/p>\n<p>&nbsp;<\/p>\n<p>&nbsp;<\/p>\n<p>&nbsp;<\/p>\n<p>&nbsp;<\/p>\n<p>&nbsp;<\/p>\n<\/div>\n<\/div><\/div><\/div><\/div><\/div>","protected":false},"excerpt":{"rendered":"<p>El pasado viernes 6 de marzo se llev\u00f3 a cabo en la Facultad de Ciencias Exactas y Tecnolog\u00eda (FACET) una reuni\u00f3n institucional destinada a fortalecer el trabajo conjunto en iniciativas de inclusi\u00f3n tecnol\u00f3gica para personas con discapacidad. Del encuentro participaron el decano de la FACET, Dr. Ing. Miguel Cabrera; el coordinador del Equipo Comunitario de [&hellip;]<\/p>\n","protected":false},"author":123512,"featured_media":30349,"comment_status":"closed","ping_status":"closed","sticky":false,"template":"","format":"standard","meta":[],"categories":[1],"tags":[45],"_links":{"self":[{"href":"https:\/\/www.facet.unt.edu.ar\/facetinforma\/wp-json\/wp\/v2\/posts\/30348"}],"collection":[{"href":"https:\/\/www.facet.unt.edu.ar\/facetinforma\/wp-json\/wp\/v2\/posts"}],"about":[{"href":"https:\/\/www.facet.unt.edu.ar\/facetinforma\/wp-json\/wp\/v2\/types\/post"}],"author":[{"embeddable":true,"href":"https:\/\/www.facet.unt.edu.ar\/facetinforma\/wp-json\/wp\/v2\/users\/123512"}],"replies":[{"embeddable":true,"href":"https:\/\/www.facet.unt.edu.ar\/facetinforma\/wp-json\/wp\/v2\/comments?post=30348"}],"version-history":[{"count":9,"href":"https:\/\/www.facet.unt.edu.ar\/facetinforma\/wp-json\/wp\/v2\/posts\/30348\/revisions"}],"predecessor-version":[{"id":30358,"href":"https:\/\/www.facet.unt.edu.ar\/facetinforma\/wp-json\/wp\/v2\/posts\/30348\/revisions\/30358"}],"wp:featuredmedia":[{"embeddable":true,"href":"https:\/\/www.facet.unt.edu.ar\/facetinforma\/wp-json\/wp\/v2\/media\/30349"}],"wp:attachment":[{"href":"https:\/\/www.facet.unt.edu.ar\/facetinforma\/wp-json\/wp\/v2\/media?parent=30348"}],"wp:term":[{"taxonomy":"category","embeddable":true,"href":"https:\/\/www.facet.unt.edu.ar\/facetinforma\/wp-json\/wp\/v2\/categories?post=30348"},{"taxonomy":"post_tag","embeddable":true,"href":"https:\/\/www.facet.unt.edu.ar\/facetinforma\/wp-json\/wp\/v2\/tags?post=30348"}],"curies":[{"name":"wp","href":"https:\/\/api.w.org\/{rel}","templated":true}]}}