{"id":30359,"date":"2026-03-13T11:52:03","date_gmt":"2026-03-13T14:52:03","guid":{"rendered":"https:\/\/www.facet.unt.edu.ar\/facetinforma\/?p=30359"},"modified":"2026-03-13T11:52:09","modified_gmt":"2026-03-13T14:52:09","slug":"con-gran-participacon-docente-la-facet-inicio-el-curso-de-extension-en-inteligencia-artificial-aplicada-a-la-docencia","status":"publish","type":"post","link":"https:\/\/www.facet.unt.edu.ar\/facetinforma\/2026\/03\/13\/con-gran-participacon-docente-la-facet-inicio-el-curso-de-extension-en-inteligencia-artificial-aplicada-a-la-docencia\/","title":{"rendered":"Con gran participac\u00f3n docente, la FACET inici\u00f3 el Curso de Extensi\u00f3n en Inteligencia Artificial aplicada a la Docencia"},"content":{"rendered":"<div id=\"pl-30359\"  class=\"panel-layout\" ><div id=\"pg-30359-0\"  class=\"panel-grid panel-no-style\" ><div id=\"pgc-30359-0-0\"  class=\"panel-grid-cell\" ><div id=\"panel-30359-0-0-0\" class=\"so-panel widget widget_media_image panel-first-child panel-last-child\" data-index=\"0\" ><img width=\"4284\" height=\"4284\" src=\"https:\/\/www.facet.unt.edu.ar\/facetinforma\/wp-content\/uploads\/sites\/9\/2026\/03\/IMG_3869.jpeg\" class=\"image wp-image-30360  attachment-full size-full\" alt=\"\" decoding=\"async\" loading=\"lazy\" style=\"max-width: 100%; height: auto;\" \/><\/div><\/div><div id=\"pgc-30359-0-1\"  class=\"panel-grid-cell\" ><div id=\"panel-30359-0-1-0\" class=\"so-panel widget widget_sow-editor panel-first-child\" data-index=\"1\" ><div\n\t\t\t\n\t\t\tclass=\"so-widget-sow-editor so-widget-sow-editor-base\"\n\t\t\t\n\t\t>\n<div class=\"siteorigin-widget-tinymce textwidget\">\n\t<p><em><span style=\"font-weight: 400;\">La capacitaci\u00f3n, desarrollada junto a Titanes | Capacitadores en IA, propone acercar herramientas y criterios pedag\u00f3gicos para incorporar la inteligencia artificial en la ense\u00f1anza universitaria.<\/span><\/em><\/p>\n<p><span style=\"font-weight: 400;\">Este viernes 13 de marzo, la Facultad de Ciencias Exactas y Tecnolog\u00eda (FACET) dio inicio al Curso de Extensi\u00f3n: Inteligencia Artificial aplicada a la Docencia Universitaria, una propuesta acad\u00e9mica desarrollada junto a Titanes | Capacitadores en IA. <\/span>La formaci\u00f3n est\u00e1 a cargo de especialistas con amplia trayectoria en el campo de la tecnolog\u00eda y la Inteligencia Artificial: Ing. Lucas Gonzalo Plaza y el Ing. Renzo Lautaro Vigiani.<\/p>\n<p><span style=\"font-weight: 400;\">La iniciativa surge como respuesta a los nuevos desaf\u00edos que atraviesa la educaci\u00f3n superior en el actual contexto de transformaci\u00f3n digital. En este escenario, la Inteligencia Artificial se consolida como una herramienta concreta que est\u00e1 redefiniendo las formas de ense\u00f1ar, aprender, planificar y evaluar en el \u00e1mbito universitario.<\/span><\/p>\n<p><span style=\"font-weight: 400;\">Durante la apertura del curso, la Secretaria Acad\u00e9mica de la FACET, <strong>Ing. Fernanda Guzm\u00e1n<\/strong>, brind\u00f3 unas palabras de bienvenida a las y los docentes participantes, destacando la importancia de generar espacios de formaci\u00f3n que acompa\u00f1en los cambios que atraviesa la educaci\u00f3n superior.<\/span><\/p>\n<p><span style=\"font-weight: 400;\"><em>\u201cLa inteligencia artificial ya forma parte de nuestras pr\u00e1cticas cotidianas y del ecosistema educativo. Como Facultad, entendemos que es fundamental brindar herramientas que permitan a nuestros docentes integrarla de manera cr\u00edtica, estrat\u00e9gica y responsable en sus c\u00e1tedras\u201d<\/em>, expres\u00f3 la Ing. Guzm\u00e1n.<\/span><\/p>\n<p><span style=\"font-weight: 400;\">Asimismo, remarc\u00f3 que este tipo de iniciativas buscan fortalecer las competencias pedag\u00f3gicas y digitales del cuerpo docente, promoviendo una ense\u00f1anza universitaria que dialogue con los desaf\u00edos del presente.<\/span><\/p>\n<p><em><span style=\"font-weight: 400;\">Una formaci\u00f3n pensada para la realidad de nuestras c\u00e1tedras<\/span><\/em><\/p>\n<p><span style=\"font-weight: 400;\">El curso fue especialmente dise\u00f1ado para atender las necesidades de las c\u00e1tedras masivas, con el objetivo de contribuir a la optimizaci\u00f3n del tiempo docente y brindar herramientas que permitan mejorar la planificaci\u00f3n acad\u00e9mica, el acompa\u00f1amiento estudiantil y la producci\u00f3n de materiales educativos.<\/span><\/p>\n<p><span style=\"font-weight: 400;\">De esta manera, la FACET reafirma su compromiso con la innovaci\u00f3n educativa, apostando a fortalecer las competencias digitales de su comunidad acad\u00e9mica y a liderar procesos de transformaci\u00f3n en la ense\u00f1anza universitaria.<\/span><\/p>\n<\/div>\n<\/div><\/div><div id=\"panel-30359-0-1-1\" class=\"so-panel widget widget_sow-slider panel-last-child\" data-index=\"2\" ><div\n\t\t\t\n\t\t\tclass=\"so-widget-sow-slider so-widget-sow-slider-default-53fd0f98de19-30359\"\n\t\t\t\n\t\t><div class=\"sow-slider-base\" style=\"display: none\"><ul\n\t\t\t\t\tclass=\"sow-slider-images\"\n\t\t\t\t\tdata-settings=\"{&quot;pagination&quot;:true,&quot;speed&quot;:800,&quot;timeout&quot;:8000,&quot;paused&quot;:false,&quot;pause_on_hover&quot;:false,&quot;swipe&quot;:true,&quot;nav_always_show_desktop&quot;:&quot;&quot;,&quot;nav_always_show_mobile&quot;:&quot;&quot;,&quot;breakpoint&quot;:&quot;780px&quot;,&quot;unmute&quot;:false,&quot;anchor&quot;:null}\"\n\t\t\t\t\t\t\t\t\t\tdata-anchor-id=\"\"\n\t\t\t\t>\t\t<li class=\"sow-slider-image  sow-slider-image-cover\" style=\"visibility: visible;;background-image: url(https:\/\/www.facet.unt.edu.ar\/facetinforma\/wp-content\/uploads\/sites\/9\/2026\/03\/IMG_3874.jpeg)\" >\n\t\t\t\t\t\t\t\t\t<img width=\"3024\" height=\"3024\" src=\"https:\/\/www.facet.unt.edu.ar\/facetinforma\/wp-content\/uploads\/sites\/9\/2026\/03\/IMG_3874.jpeg\" class=\"sow-slider-background-image skip-lazy\" alt=\"\" decoding=\"async\" loading=\"eager\" \/>\t\t\t\t\t\t\t\t<\/li>\n\t\t\t\t<li class=\"sow-slider-image  sow-slider-image-cover\" style=\"visibility: hidden;;background-image: url(https:\/\/www.facet.unt.edu.ar\/facetinforma\/wp-content\/uploads\/sites\/9\/2026\/03\/IMG_3876.jpeg)\" >\n\t\t\t\t\t\t\t\t\t<img width=\"4284\" height=\"4284\" src=\"https:\/\/www.facet.unt.edu.ar\/facetinforma\/wp-content\/uploads\/sites\/9\/2026\/03\/IMG_3876.jpeg\" class=\"sow-slider-background-image skip-lazy\" alt=\"\" decoding=\"async\" loading=\"eager\" \/>\t\t\t\t\t\t\t\t<\/li>\n\t\t\t\t<li class=\"sow-slider-image  sow-slider-image-cover\" style=\"visibility: hidden;;background-image: url(https:\/\/www.facet.unt.edu.ar\/facetinforma\/wp-content\/uploads\/sites\/9\/2026\/03\/IMG_3879.jpeg)\" >\n\t\t\t\t\t\t\t\t\t<img width=\"4284\" height=\"4284\" src=\"https:\/\/www.facet.unt.edu.ar\/facetinforma\/wp-content\/uploads\/sites\/9\/2026\/03\/IMG_3879.jpeg\" class=\"sow-slider-background-image skip-lazy\" alt=\"\" decoding=\"async\" loading=\"eager\" \/>\t\t\t\t\t\t\t\t<\/li>\n\t\t\t\t<li class=\"sow-slider-image  sow-slider-image-cover\" style=\"visibility: hidden;;background-image: url(https:\/\/www.facet.unt.edu.ar\/facetinforma\/wp-content\/uploads\/sites\/9\/2026\/03\/IMG_3881.jpeg)\" >\n\t\t\t\t\t\t\t\t\t<img width=\"3024\" height=\"3024\" src=\"https:\/\/www.facet.unt.edu.ar\/facetinforma\/wp-content\/uploads\/sites\/9\/2026\/03\/IMG_3881.jpeg\" class=\"sow-slider-background-image skip-lazy\" alt=\"\" decoding=\"async\" loading=\"eager\" \/>\t\t\t\t\t\t\t\t<\/li>\n\t\t<\/ul>\t\t\t\t<ol class=\"sow-slider-pagination\">\n\t\t\t\t\t\t\t\t\t\t\t<li><a href=\"#\" data-goto=\"0\" aria-label=\"mostrar diapositiva 1\"><\/a><\/li>\n\t\t\t\t\t\t\t\t\t\t\t<li><a href=\"#\" data-goto=\"1\" aria-label=\"mostrar diapositiva 2\"><\/a><\/li>\n\t\t\t\t\t\t\t\t\t\t\t<li><a href=\"#\" data-goto=\"2\" aria-label=\"mostrar diapositiva 3\"><\/a><\/li>\n\t\t\t\t\t\t\t\t\t\t\t<li><a href=\"#\" data-goto=\"3\" aria-label=\"mostrar diapositiva 4\"><\/a><\/li>\n\t\t\t\t\t\t\t\t\t<\/ol>\n\n\t\t\t\t<div class=\"sow-slide-nav sow-slide-nav-next\">\n\t\t\t\t\t<a href=\"#\" data-goto=\"next\" aria-label=\"diapositiva siguiente\" data-action=\"next\">\n\t\t\t\t\t\t<em class=\"sow-sld-icon-thin-right\"><\/em>\n\t\t\t\t\t<\/a>\n\t\t\t\t<\/div>\n\n\t\t\t\t<div class=\"sow-slide-nav sow-slide-nav-prev\">\n\t\t\t\t\t<a href=\"#\" data-goto=\"previous\" aria-label=\"diapositiva anterior\" data-action=\"prev\">\n\t\t\t\t\t\t<em class=\"sow-sld-icon-thin-left\"><\/em>\n\t\t\t\t\t<\/a>\n\t\t\t\t<\/div>\n\t\t\t\t<\/div><\/div><\/div><\/div><\/div><\/div>","protected":false},"excerpt":{"rendered":"<p>La capacitaci\u00f3n, desarrollada junto a Titanes | Capacitadores en IA, propone acercar herramientas y criterios pedag\u00f3gicos para incorporar la inteligencia artificial en la ense\u00f1anza universitaria. Este viernes 13 de marzo, la Facultad de Ciencias Exactas y Tecnolog\u00eda (FACET) dio inicio al Curso de Extensi\u00f3n: Inteligencia Artificial aplicada a la Docencia Universitaria, una propuesta acad\u00e9mica desarrollada [&hellip;]<\/p>\n","protected":false},"author":123512,"featured_media":30360,"comment_status":"closed","ping_status":"closed","sticky":false,"template":"","format":"standard","meta":[],"categories":[1],"tags":[39],"_links":{"self":[{"href":"https:\/\/www.facet.unt.edu.ar\/facetinforma\/wp-json\/wp\/v2\/posts\/30359"}],"collection":[{"href":"https:\/\/www.facet.unt.edu.ar\/facetinforma\/wp-json\/wp\/v2\/posts"}],"about":[{"href":"https:\/\/www.facet.unt.edu.ar\/facetinforma\/wp-json\/wp\/v2\/types\/post"}],"author":[{"embeddable":true,"href":"https:\/\/www.facet.unt.edu.ar\/facetinforma\/wp-json\/wp\/v2\/users\/123512"}],"replies":[{"embeddable":true,"href":"https:\/\/www.facet.unt.edu.ar\/facetinforma\/wp-json\/wp\/v2\/comments?post=30359"}],"version-history":[{"count":6,"href":"https:\/\/www.facet.unt.edu.ar\/facetinforma\/wp-json\/wp\/v2\/posts\/30359\/revisions"}],"predecessor-version":[{"id":30370,"href":"https:\/\/www.facet.unt.edu.ar\/facetinforma\/wp-json\/wp\/v2\/posts\/30359\/revisions\/30370"}],"wp:featuredmedia":[{"embeddable":true,"href":"https:\/\/www.facet.unt.edu.ar\/facetinforma\/wp-json\/wp\/v2\/media\/30360"}],"wp:attachment":[{"href":"https:\/\/www.facet.unt.edu.ar\/facetinforma\/wp-json\/wp\/v2\/media?parent=30359"}],"wp:term":[{"taxonomy":"category","embeddable":true,"href":"https:\/\/www.facet.unt.edu.ar\/facetinforma\/wp-json\/wp\/v2\/categories?post=30359"},{"taxonomy":"post_tag","embeddable":true,"href":"https:\/\/www.facet.unt.edu.ar\/facetinforma\/wp-json\/wp\/v2\/tags?post=30359"}],"curies":[{"name":"wp","href":"https:\/\/api.w.org\/{rel}","templated":true}]}}