{"id":30373,"date":"2026-03-19T11:27:59","date_gmt":"2026-03-19T14:27:59","guid":{"rendered":"https:\/\/www.facet.unt.edu.ar\/facetinforma\/?p=30373"},"modified":"2026-03-19T11:28:04","modified_gmt":"2026-03-19T14:28:04","slug":"la-facet-participa-en-la-xxiv-reunion-tecnica-nacional-de-la-satca-con-su-oferta-tecnologica","status":"publish","type":"post","link":"https:\/\/www.facet.unt.edu.ar\/facetinforma\/2026\/03\/19\/la-facet-participa-en-la-xxiv-reunion-tecnica-nacional-de-la-satca-con-su-oferta-tecnologica\/","title":{"rendered":"La FACET participa en la XXIV Reuni\u00f3n T\u00e9cnica Nacional de la SATCA con su oferta tecnol\u00f3gica"},"content":{"rendered":"<div id=\"pl-30373\"  class=\"panel-layout\" ><div id=\"pg-30373-0\"  class=\"panel-grid panel-no-style\" ><div id=\"pgc-30373-0-0\"  class=\"panel-grid-cell\" ><div id=\"panel-30373-0-0-0\" class=\"so-panel widget widget_media_image panel-first-child panel-last-child\" data-index=\"0\" ><img width=\"4284\" height=\"4284\" src=\"https:\/\/www.facet.unt.edu.ar\/facetinforma\/wp-content\/uploads\/sites\/9\/2026\/03\/IMG_4173.jpeg\" class=\"image wp-image-30374  attachment-full size-full\" alt=\"\" decoding=\"async\" loading=\"lazy\" style=\"max-width: 100%; height: auto;\" \/><\/div><\/div><div id=\"pgc-30373-0-1\"  class=\"panel-grid-cell\" ><div id=\"panel-30373-0-1-0\" class=\"so-panel widget widget_sow-editor panel-first-child\" data-index=\"1\" ><div\n\t\t\t\n\t\t\tclass=\"so-widget-sow-editor so-widget-sow-editor-base\"\n\t\t\t\n\t\t>\n<div class=\"siteorigin-widget-tinymce textwidget\">\n\t<p><span style=\"font-weight: 400;\">Hoy comenz\u00f3 en la Sociedad Rural de Tucum\u00e1n la XXIV Reuni\u00f3n T\u00e9cnica Nacional organizada por la Sociedad Argentina de T\u00e9cnicos de la Ca\u00f1a de Az\u00facar, un evento que durante dos jornadas re\u00fane a especialistas, productores, industriales y empresas del sector sucroalcoholero.<\/span><\/p>\n<p><span style=\"font-weight: 400;\">En este marco, la Facultad de Ciencias Exactas y Tecnolog\u00eda (FACET) dice presente con un stand institucional donde expone su oferta tecnol\u00f3gica, orientada a la innovaci\u00f3n, la mejora de procesos productivos y el desarrollo sostenible de la agroindustria azucarera.<\/span><\/p>\n<p><span style=\"font-weight: 400;\">El acto inaugural cont\u00f3 con la presencia del decano de la FACET, <strong>Dr. Ing. Miguel \u00c1ngel Cabrera<\/strong>, quien destac\u00f3 la importancia de estos espacios de articulaci\u00f3n entre el sistema cient\u00edfico-tecnol\u00f3gico y el sector productivo.<\/span><\/p>\n<p><span style=\"font-weight: 400;\">\u201c<em>Este tipo de encuentros fortalece el v\u00ednculo entre la academia y la industria, permitiendo que el conocimiento generado en nuestras instituciones se traduzca en soluciones concretas para el sector. Desde la FACET trabajamos para aportar innovaci\u00f3n, eficiencia y sostenibilidad a la cadena sucroalcoholera<\/em>\u201d, expres\u00f3.<\/span><\/p>\n<p><span style=\"font-weight: 400;\">Durante las jornadas se presentar\u00e1n cerca de 70 trabajos cient\u00edficos y t\u00e9cnicos desarrollados en los \u00faltimos dos a\u00f1os, que abordan tem\u00e1ticas vinculadas al manejo agr\u00edcola, procesos industriales, innovaci\u00f3n tecnol\u00f3gica y sostenibilidad productiva.<\/span><\/p>\n<p><span style=\"font-weight: 400;\">El programa incluye conferencias plenarias y presentaciones internacionales. En este sentido, y en el marco de un acuerdo con el Instituto de Promoci\u00f3n del Az\u00facar y el Alcohol de Tucum\u00e1n, participa la ingeniera Claudia Calero Cifuentes, presidenta de Asoca\u00f1a (Colombia). Asimismo, se destaca la presencia de una delegaci\u00f3n de Brasil encabezada por Hugo Cagno Filho, junto a otros especialistas del sector.<\/span><\/p>\n<p><span style=\"font-weight: 400;\">La reuni\u00f3n se consolida como un espacio clave de actualizaci\u00f3n y debate para una actividad estrat\u00e9gica de la regi\u00f3n, promoviendo el intercambio entre investigaci\u00f3n, producci\u00f3n y empresas proveedoras de tecnolog\u00eda, y favoreciendo la incorporaci\u00f3n de nuevas herramientas en los sistemas productivos.<\/span><\/p>\n<\/div>\n<\/div><\/div><div id=\"panel-30373-0-1-1\" class=\"so-panel widget widget_sow-slider panel-last-child\" data-index=\"2\" ><div\n\t\t\t\n\t\t\tclass=\"so-widget-sow-slider so-widget-sow-slider-default-53fd0f98de19-30373\"\n\t\t\t\n\t\t><div class=\"sow-slider-base\" style=\"display: none\"><ul\n\t\t\t\t\tclass=\"sow-slider-images\"\n\t\t\t\t\tdata-settings=\"{&quot;pagination&quot;:true,&quot;speed&quot;:800,&quot;timeout&quot;:8000,&quot;paused&quot;:false,&quot;pause_on_hover&quot;:false,&quot;swipe&quot;:true,&quot;nav_always_show_desktop&quot;:&quot;&quot;,&quot;nav_always_show_mobile&quot;:&quot;&quot;,&quot;breakpoint&quot;:&quot;780px&quot;,&quot;unmute&quot;:false,&quot;anchor&quot;:null}\"\n\t\t\t\t\t\t\t\t\t\tdata-anchor-id=\"\"\n\t\t\t\t>\t\t<li class=\"sow-slider-image  sow-slider-image-cover\" style=\"visibility: visible;;background-image: url(https:\/\/www.facet.unt.edu.ar\/facetinforma\/wp-content\/uploads\/sites\/9\/2026\/03\/IMG_4176.jpeg)\" >\n\t\t\t\t\t\t\t\t\t<img width=\"5712\" height=\"4284\" src=\"https:\/\/www.facet.unt.edu.ar\/facetinforma\/wp-content\/uploads\/sites\/9\/2026\/03\/IMG_4176.jpeg\" class=\"sow-slider-background-image skip-lazy\" alt=\"\" decoding=\"async\" loading=\"eager\" \/>\t\t\t\t\t\t\t\t<\/li>\n\t\t\t\t<li class=\"sow-slider-image  sow-slider-image-cover\" style=\"visibility: hidden;;background-image: url(https:\/\/www.facet.unt.edu.ar\/facetinforma\/wp-content\/uploads\/sites\/9\/2026\/03\/IMG_4169.jpeg)\" >\n\t\t\t\t\t\t\t\t\t<img width=\"3024\" height=\"3024\" src=\"https:\/\/www.facet.unt.edu.ar\/facetinforma\/wp-content\/uploads\/sites\/9\/2026\/03\/IMG_4169.jpeg\" class=\"sow-slider-background-image skip-lazy\" alt=\"\" decoding=\"async\" loading=\"eager\" \/>\t\t\t\t\t\t\t\t<\/li>\n\t\t\t\t<li class=\"sow-slider-image  sow-slider-image-cover\" style=\"visibility: hidden;;background-image: url(https:\/\/www.facet.unt.edu.ar\/facetinforma\/wp-content\/uploads\/sites\/9\/2026\/03\/IMG_4163.jpeg)\" >\n\t\t\t\t\t\t\t\t\t<img width=\"5712\" height=\"4284\" src=\"https:\/\/www.facet.unt.edu.ar\/facetinforma\/wp-content\/uploads\/sites\/9\/2026\/03\/IMG_4163.jpeg\" class=\"sow-slider-background-image skip-lazy\" alt=\"\" decoding=\"async\" loading=\"eager\" \/>\t\t\t\t\t\t\t\t<\/li>\n\t\t\t\t<li class=\"sow-slider-image  sow-slider-image-cover\" style=\"visibility: hidden;;background-image: url(https:\/\/www.facet.unt.edu.ar\/facetinforma\/wp-content\/uploads\/sites\/9\/2026\/03\/IMG_4162.jpeg)\" >\n\t\t\t\t\t\t\t\t\t<img width=\"5712\" height=\"3213\" src=\"https:\/\/www.facet.unt.edu.ar\/facetinforma\/wp-content\/uploads\/sites\/9\/2026\/03\/IMG_4162.jpeg\" class=\"sow-slider-background-image skip-lazy\" alt=\"\" decoding=\"async\" loading=\"eager\" \/>\t\t\t\t\t\t\t\t<\/li>\n\t\t<\/ul>\t\t\t\t<ol class=\"sow-slider-pagination\">\n\t\t\t\t\t\t\t\t\t\t\t<li><a href=\"#\" data-goto=\"0\" aria-label=\"mostrar diapositiva 1\"><\/a><\/li>\n\t\t\t\t\t\t\t\t\t\t\t<li><a href=\"#\" data-goto=\"1\" aria-label=\"mostrar diapositiva 2\"><\/a><\/li>\n\t\t\t\t\t\t\t\t\t\t\t<li><a href=\"#\" data-goto=\"2\" aria-label=\"mostrar diapositiva 3\"><\/a><\/li>\n\t\t\t\t\t\t\t\t\t\t\t<li><a href=\"#\" data-goto=\"3\" aria-label=\"mostrar diapositiva 4\"><\/a><\/li>\n\t\t\t\t\t\t\t\t\t<\/ol>\n\n\t\t\t\t<div class=\"sow-slide-nav sow-slide-nav-next\">\n\t\t\t\t\t<a href=\"#\" data-goto=\"next\" aria-label=\"diapositiva siguiente\" data-action=\"next\">\n\t\t\t\t\t\t<em class=\"sow-sld-icon-thin-right\"><\/em>\n\t\t\t\t\t<\/a>\n\t\t\t\t<\/div>\n\n\t\t\t\t<div class=\"sow-slide-nav sow-slide-nav-prev\">\n\t\t\t\t\t<a href=\"#\" data-goto=\"previous\" aria-label=\"diapositiva anterior\" data-action=\"prev\">\n\t\t\t\t\t\t<em class=\"sow-sld-icon-thin-left\"><\/em>\n\t\t\t\t\t<\/a>\n\t\t\t\t<\/div>\n\t\t\t\t<\/div><\/div><\/div><\/div><\/div><\/div>","protected":false},"excerpt":{"rendered":"<p>Hoy comenz\u00f3 en la Sociedad Rural de Tucum\u00e1n la XXIV Reuni\u00f3n T\u00e9cnica Nacional organizada por la Sociedad Argentina de T\u00e9cnicos de la Ca\u00f1a de Az\u00facar, un evento que durante dos jornadas re\u00fane a especialistas, productores, industriales y empresas del sector sucroalcoholero. En este marco, la Facultad de Ciencias Exactas y Tecnolog\u00eda (FACET) dice presente con [&hellip;]<\/p>\n","protected":false},"author":123512,"featured_media":30374,"comment_status":"closed","ping_status":"closed","sticky":false,"template":"","format":"standard","meta":[],"categories":[1],"tags":[42],"_links":{"self":[{"href":"https:\/\/www.facet.unt.edu.ar\/facetinforma\/wp-json\/wp\/v2\/posts\/30373"}],"collection":[{"href":"https:\/\/www.facet.unt.edu.ar\/facetinforma\/wp-json\/wp\/v2\/posts"}],"about":[{"href":"https:\/\/www.facet.unt.edu.ar\/facetinforma\/wp-json\/wp\/v2\/types\/post"}],"author":[{"embeddable":true,"href":"https:\/\/www.facet.unt.edu.ar\/facetinforma\/wp-json\/wp\/v2\/users\/123512"}],"replies":[{"embeddable":true,"href":"https:\/\/www.facet.unt.edu.ar\/facetinforma\/wp-json\/wp\/v2\/comments?post=30373"}],"version-history":[{"count":6,"href":"https:\/\/www.facet.unt.edu.ar\/facetinforma\/wp-json\/wp\/v2\/posts\/30373\/revisions"}],"predecessor-version":[{"id":30384,"href":"https:\/\/www.facet.unt.edu.ar\/facetinforma\/wp-json\/wp\/v2\/posts\/30373\/revisions\/30384"}],"wp:featuredmedia":[{"embeddable":true,"href":"https:\/\/www.facet.unt.edu.ar\/facetinforma\/wp-json\/wp\/v2\/media\/30374"}],"wp:attachment":[{"href":"https:\/\/www.facet.unt.edu.ar\/facetinforma\/wp-json\/wp\/v2\/media?parent=30373"}],"wp:term":[{"taxonomy":"category","embeddable":true,"href":"https:\/\/www.facet.unt.edu.ar\/facetinforma\/wp-json\/wp\/v2\/categories?post=30373"},{"taxonomy":"post_tag","embeddable":true,"href":"https:\/\/www.facet.unt.edu.ar\/facetinforma\/wp-json\/wp\/v2\/tags?post=30373"}],"curies":[{"name":"wp","href":"https:\/\/api.w.org\/{rel}","templated":true}]}}