{"id":30395,"date":"2026-03-27T12:07:06","date_gmt":"2026-03-27T15:07:06","guid":{"rendered":"https:\/\/www.facet.unt.edu.ar\/facetinforma\/?p=30395"},"modified":"2026-03-27T12:20:03","modified_gmt":"2026-03-27T15:20:03","slug":"orgullo-facet-estudiantes-de-fisica-alcanzan-un-titulo-de-posgrado-en-italia","status":"publish","type":"post","link":"https:\/\/www.facet.unt.edu.ar\/facetinforma\/2026\/03\/27\/orgullo-facet-estudiantes-de-fisica-alcanzan-un-titulo-de-posgrado-en-italia\/","title":{"rendered":"Orgullo FACET: Estudiantes de F\u00edsica alcanzan un t\u00edtulo de posgrado en Italia"},"content":{"rendered":"<div id=\"pl-30395\"  class=\"panel-layout\" ><div id=\"pg-30395-0\"  class=\"panel-grid panel-no-style\" ><div id=\"pgc-30395-0-0\"  class=\"panel-grid-cell\" ><div id=\"panel-30395-0-0-0\" class=\"so-panel widget widget_media_image panel-first-child panel-last-child\" data-index=\"0\" ><img width=\"875\" height=\"875\" src=\"https:\/\/www.facet.unt.edu.ar\/facetinforma\/wp-content\/uploads\/sites\/9\/2026\/03\/PHOTO-2026-03-27-09-20-39.jpg\" class=\"image wp-image-30396  attachment-full size-full\" alt=\"\" decoding=\"async\" loading=\"lazy\" style=\"max-width: 100%; height: auto;\" \/><\/div><\/div><div id=\"pgc-30395-0-1\"  class=\"panel-grid-cell\" ><div id=\"panel-30395-0-1-0\" class=\"so-panel widget widget_sow-editor panel-first-child panel-last-child\" data-index=\"1\" ><div\n\t\t\t\n\t\t\tclass=\"so-widget-sow-editor so-widget-sow-editor-base\"\n\t\t\t\n\t\t>\n<div class=\"siteorigin-widget-tinymce textwidget\">\n\t<p><span style=\"font-weight: 400;\">La Facultad de Ciencias Exactas y Tecnolog\u00eda (FACET) de la Universidad Nacional de Tucum\u00e1n expresa su profundo orgullo por el destacado logro alcanzado por sus estudiantes <strong>\u00c1lvaro Guti\u00e9rrez Falc\u00f3n<\/strong> y <strong>Jerem\u00edas Battich<\/strong>, quienes obtuvieron el t\u00edtulo de Mag\u00edster en F\u00edsica (Laurea Magistrale in Fisica) en la Universidad de Salerno, Italia.<\/span><\/p>\n<p>Ambos j\u00f3venes, T\u00e9cnicos Universitarios en F\u00edsica, concretaron este importante hito acad\u00e9mico gracias a una beca completa del programa UniSa Scholarship, en el marco del convenio de cooperaci\u00f3n acad\u00e9mica vigente entre la UNT y la Universidad de Salerno.<\/p>\n<p><span style=\"font-weight: 400;\">Este logro reviste un significado especial para la FACET, ya que se trata de los primeros becarios en el \u00e1rea de F\u00edsica en alcanzar este t\u00edtulo dentro de este programa, marcando un antecedente de gran valor para futuras generaciones de estudiantes e investigadores de nuestra instituci\u00f3n.<\/span><\/p>\n<p><span style=\"font-weight: 400;\">Al respecto, la Secretaria Acad\u00e9mica de la FACET, <strong>Ing. Fernanda Guzm\u00e1n<\/strong>, destac\u00f3: <em>\u201cEstos logros reflejan el compromiso, la dedicaci\u00f3n y la excelencia de nuestros estudiantes, y nos llenan de orgullo como comunidad acad\u00e9mica. La formaci\u00f3n que brindamos en la FACET, junto con las oportunidades de internacionalizaci\u00f3n, permite que nuestros alumnos alcancen metas de alto nivel y se proyecten en el \u00e1mbito cient\u00edfico global. Son, sin duda, un verdadero orgullo FACET\u201d<\/em>.<\/span><\/p>\n<p><span style=\"font-weight: 400;\">La experiencia de formaci\u00f3n internacional de \u00c1lvaro y Jerem\u00edas pone de relieve el valor estrat\u00e9gico de los v\u00ednculos interinstitucionales en el \u00e1mbito acad\u00e9mico y cient\u00edfico. En un contexto global, estos convenios no solo ampl\u00edan horizontes formativos, sino que tambi\u00e9n fortalecen redes de cooperaci\u00f3n, potencian la calidad de la investigaci\u00f3n y promueven la circulaci\u00f3n del conocimiento.<\/span><\/p>\n<\/div>\n<\/div><\/div><\/div><\/div><\/div>","protected":false},"excerpt":{"rendered":"<p>La Facultad de Ciencias Exactas y Tecnolog\u00eda (FACET) de la Universidad Nacional de Tucum\u00e1n expresa su profundo orgullo por el destacado logro alcanzado por sus estudiantes \u00c1lvaro Guti\u00e9rrez Falc\u00f3n y Jerem\u00edas Battich, quienes obtuvieron el t\u00edtulo de Mag\u00edster en F\u00edsica (Laurea Magistrale in Fisica) en la Universidad de Salerno, Italia. Ambos j\u00f3venes, T\u00e9cnicos Universitarios en [&hellip;]<\/p>\n","protected":false},"author":123512,"featured_media":30396,"comment_status":"closed","ping_status":"closed","sticky":false,"template":"","format":"standard","meta":[],"categories":[1],"tags":[30],"_links":{"self":[{"href":"https:\/\/www.facet.unt.edu.ar\/facetinforma\/wp-json\/wp\/v2\/posts\/30395"}],"collection":[{"href":"https:\/\/www.facet.unt.edu.ar\/facetinforma\/wp-json\/wp\/v2\/posts"}],"about":[{"href":"https:\/\/www.facet.unt.edu.ar\/facetinforma\/wp-json\/wp\/v2\/types\/post"}],"author":[{"embeddable":true,"href":"https:\/\/www.facet.unt.edu.ar\/facetinforma\/wp-json\/wp\/v2\/users\/123512"}],"replies":[{"embeddable":true,"href":"https:\/\/www.facet.unt.edu.ar\/facetinforma\/wp-json\/wp\/v2\/comments?post=30395"}],"version-history":[{"count":6,"href":"https:\/\/www.facet.unt.edu.ar\/facetinforma\/wp-json\/wp\/v2\/posts\/30395\/revisions"}],"predecessor-version":[{"id":30402,"href":"https:\/\/www.facet.unt.edu.ar\/facetinforma\/wp-json\/wp\/v2\/posts\/30395\/revisions\/30402"}],"wp:featuredmedia":[{"embeddable":true,"href":"https:\/\/www.facet.unt.edu.ar\/facetinforma\/wp-json\/wp\/v2\/media\/30396"}],"wp:attachment":[{"href":"https:\/\/www.facet.unt.edu.ar\/facetinforma\/wp-json\/wp\/v2\/media?parent=30395"}],"wp:term":[{"taxonomy":"category","embeddable":true,"href":"https:\/\/www.facet.unt.edu.ar\/facetinforma\/wp-json\/wp\/v2\/categories?post=30395"},{"taxonomy":"post_tag","embeddable":true,"href":"https:\/\/www.facet.unt.edu.ar\/facetinforma\/wp-json\/wp\/v2\/tags?post=30395"}],"curies":[{"name":"wp","href":"https:\/\/api.w.org\/{rel}","templated":true}]}}