{"id":3042,"date":"2013-04-05T13:00:27","date_gmt":"2013-04-05T13:00:27","guid":{"rendered":"http:\/\/www1.herrera.unt.edu.ar\/facetinforma\/?p=3042"},"modified":"2013-04-05T13:00:27","modified_gmt":"2013-04-05T13:00:27","slug":"convocatoria-2013","status":"publish","type":"post","link":"https:\/\/www.facet.unt.edu.ar\/facetinforma\/2013\/04\/05\/convocatoria-2013\/","title":{"rendered":"Convocatoria 2013"},"content":{"rendered":"<p style=\"text-align: justify\">Estimados:\u00a0<\/p>\n<p style=\"text-align: justify\">Nos dirigimos a Uds. a fin de informarles que se\u00a0encuentra abierta\u00a0la Convocatoria Anual 2013.\u00a0La presentaci\u00f3n de proyectos se realizar\u00e1 entre el <strong>8 de abril<\/strong> y el<strong> 6 de mayo. <\/strong>En la p\u00e1gina web del Ministerio de Educaci\u00f3n pueden encontrar toda la informaci\u00f3n necesaria: <a href=\"http:\/\/portales.educacion.gov.ar\/spu\/voluntariado-universitario\/convocatorias\/\" target=\"_blank\">http:\/\/portales.educacion.gov.ar\/spu\/voluntariado-universitario\/convocatorias\/<\/a>\u00a0<\/p>\n<p style=\"text-align: justify\"><a href=\"https:\/\/www.facet.unt.edu.ar\/facetinforma\/wp-content\/uploads\/sites\/9\/2013\/04\/voluntariado_unviersitario_2013-468x238.jpg\"><img decoding=\"async\" loading=\"lazy\" class=\"aligncenter  wp-image-3043\" title=\"Voluntariado Unviersitario 2013\" src=\"https:\/\/www.facet.unt.edu.ar\/facetinforma\/wp-content\/uploads\/sites\/9\/2013\/04\/voluntariado_unviersitario_2013-468x238.jpg\" alt=\"\" width=\"327\" height=\"166\" srcset=\"https:\/\/www.facet.unt.edu.ar\/facetinforma\/wp-content\/uploads\/sites\/9\/2013\/04\/voluntariado_unviersitario_2013-468x238.jpg 468w, https:\/\/www.facet.unt.edu.ar\/facetinforma\/wp-content\/uploads\/sites\/9\/2013\/04\/voluntariado_unviersitario_2013-468x238-300x152.jpg 300w\" sizes=\"(max-width: 327px) 100vw, 327px\" \/><!--more--><\/a><\/p>\n<p style=\"text-align: justify\">Estamos a disposici\u00f3n para lo que consideren oportuno.\u00a0<\/p>\n<p style=\"text-align: justify\">Saludos cordiales,<\/p>\n<h6><span style=\"font-size: x-small;font-family: times new roman,times\">&#8212; <\/span><br \/><span style=\"font-size: x-small;font-family: times new roman,times\"> Programa de Voluntariado Universitario y Pasant\u00edas Sociales<\/span><br \/><span style=\"font-size: x-small;font-family: times new roman,times\"> Secretar\u00eda de Extensi\u00f3n Universitaria<\/span><br \/><span style=\"font-size: x-small;font-family: times new roman,times\"> Universidad Nacional de Tucum\u00e1n<\/span><\/h6>\n","protected":false},"excerpt":{"rendered":"<p>Estimados:\u00a0 Nos dirigimos a Uds. a fin de informarles que se\u00a0encuentra abierta\u00a0la Convocatoria Anual 2013.\u00a0La presentaci\u00f3n de proyectos se realizar\u00e1 entre el 8 de abril y el 6 de mayo. En la p\u00e1gina web del Ministerio de Educaci\u00f3n pueden encontrar toda la informaci\u00f3n necesaria: http:\/\/portales.educacion.gov.ar\/spu\/voluntariado-universitario\/convocatorias\/\u00a0<\/p>\n","protected":false},"author":6,"featured_media":0,"comment_status":"closed","ping_status":"open","sticky":false,"template":"","format":"standard","meta":[],"categories":[5],"tags":[],"_links":{"self":[{"href":"https:\/\/www.facet.unt.edu.ar\/facetinforma\/wp-json\/wp\/v2\/posts\/3042"}],"collection":[{"href":"https:\/\/www.facet.unt.edu.ar\/facetinforma\/wp-json\/wp\/v2\/posts"}],"about":[{"href":"https:\/\/www.facet.unt.edu.ar\/facetinforma\/wp-json\/wp\/v2\/types\/post"}],"author":[{"embeddable":true,"href":"https:\/\/www.facet.unt.edu.ar\/facetinforma\/wp-json\/wp\/v2\/users\/6"}],"replies":[{"embeddable":true,"href":"https:\/\/www.facet.unt.edu.ar\/facetinforma\/wp-json\/wp\/v2\/comments?post=3042"}],"version-history":[{"count":0,"href":"https:\/\/www.facet.unt.edu.ar\/facetinforma\/wp-json\/wp\/v2\/posts\/3042\/revisions"}],"wp:attachment":[{"href":"https:\/\/www.facet.unt.edu.ar\/facetinforma\/wp-json\/wp\/v2\/media?parent=3042"}],"wp:term":[{"taxonomy":"category","embeddable":true,"href":"https:\/\/www.facet.unt.edu.ar\/facetinforma\/wp-json\/wp\/v2\/categories?post=3042"},{"taxonomy":"post_tag","embeddable":true,"href":"https:\/\/www.facet.unt.edu.ar\/facetinforma\/wp-json\/wp\/v2\/tags?post=3042"}],"curies":[{"name":"wp","href":"https:\/\/api.w.org\/{rel}","templated":true}]}}