{"id":30862,"date":"2026-08-31T10:48:33","date_gmt":"2026-08-31T13:48:33","guid":{"rendered":"https:\/\/www.facet.unt.edu.ar\/facetinforma\/?p=30862"},"modified":"2026-08-31T10:48:41","modified_gmt":"2026-08-31T13:48:41","slug":"la-facet-fue-sede-de-la-16-a-edicion-del-torneo-argentino-de-programacion","status":"publish","type":"post","link":"https:\/\/www.facet.unt.edu.ar\/facetinforma\/2026\/08\/31\/la-facet-fue-sede-de-la-16-a-edicion-del-torneo-argentino-de-programacion\/","title":{"rendered":"La FACET fue sede de la 16.\u00aa edici\u00f3n del Torneo Argentino de Programaci\u00f3n"},"content":{"rendered":"<div id=\"pl-30862\"  class=\"panel-layout\" ><div id=\"pg-30862-0\"  class=\"panel-grid panel-no-style\" ><div id=\"pgc-30862-0-0\"  class=\"panel-grid-cell\" ><div id=\"panel-30862-0-0-0\" class=\"so-panel widget widget_media_image panel-first-child panel-last-child\" data-index=\"0\" ><img width=\"1080\" height=\"1080\" src=\"https:\/\/www.facet.unt.edu.ar\/facetinforma\/wp-content\/uploads\/sites\/9\/2026\/08\/IMAGEN-FACET-INFORMA-10.png\" class=\"image wp-image-30863  attachment-full size-full\" alt=\"\" decoding=\"async\" loading=\"lazy\" style=\"max-width: 100%; height: auto;\" \/><\/div><\/div><div id=\"pgc-30862-0-1\"  class=\"panel-grid-cell\" ><div id=\"panel-30862-0-1-0\" class=\"so-panel widget widget_sow-editor panel-first-child\" data-index=\"1\" ><div\n\t\t\t\n\t\t\tclass=\"so-widget-sow-editor so-widget-sow-editor-base\"\n\t\t\t\n\t\t>\n<div class=\"siteorigin-widget-tinymce textwidget\">\n\t<p><b>La competencia reuni\u00f3 a 186 equipos de universidades de todo el pa\u00eds y tuvo 17 sedes simult\u00e1neas. En la sede de la FACET participaron representantes de la UNT, la UTN-FRT y la UNSTA.<\/b><\/p>\n<p>El pasado 29 de agosto se desarroll\u00f3 la\u00a0<b>16.\u00aa edici\u00f3n del Torneo Argentino de Programaci\u00f3n (TAP)<\/b>, una de las principales competencias universitarias de programaci\u00f3n del pa\u00eds, que reuni\u00f3 a\u00a0<b>186 equipos de distintas universidades argentinas<\/b>.<\/p>\n<p>En esta edici\u00f3n, la\u00a0<b>Facultad de Ciencias Exactas y Tecnolog\u00eda de la Universidad Nacional de Tucum\u00e1n (FACET-UNT)<\/b>\u00a0fue una de las\u00a0<b>17 sedes distribuidas en todo el territorio nacional<\/b>, donde estudiantes universitarios pusieron a prueba sus conocimientos, capacidad de an\u00e1lisis y trabajo en equipo.<\/p>\n<p>Durante cinco horas de competencia, los participantes debieron resolver un conjunto de\u00a0<b>14 problemas de programaci\u00f3n<\/b>, utilizando lenguajes como\u00a0<b>C, C++, Python, Java y Kotlin<\/b>. El desaf\u00edo requiri\u00f3 combinar conocimientos t\u00e9cnicos, creatividad y rapidez para encontrar soluciones eficientes dentro del tiempo establecido.<\/p>\n<h4><b>La competencia en la FACET<\/b><\/h4>\n<p>La sede de la FACET cont\u00f3 con la participaci\u00f3n de equipos de tres instituciones universitarias: la\u00a0<b>FACET-UNT, la Universidad Tecnol\u00f3gica Nacional \u2013 Facultad Regional Tucum\u00e1n (UTN-FRT) y la Universidad del Norte Santo Tom\u00e1s de Aquino (UNSTA)<\/b>.<\/p>\n<p>Los equipos participantes estuvieron conformados de la siguiente manera:<\/p>\n<ul>\n<li><b>[FACET-UNT] \u201cAchilata\u201d<\/b>: Miguel Carretero, Martina del Pilar Guti\u00e9rrez y Paula Leal Villanueva.<\/li>\n<li><b>[UNSTA] \u201cPandas\u201d<\/b>: Ornella Petrelli, Luciano Joaqu\u00edn Olleta Loza y Naomi Asrin.<\/li>\n<li><b>[FACET-UNT] \u201cComputops\u201d<\/b>: Diego Sebasti\u00e1n Galv\u00e1n, Rodrigo Alejandro Andr\u00e9s e Irina Caramuti.<\/li>\n<li><b>[UTN-FRT] \u201cNoxus\u201d<\/b>: Ezequiel Bashir Almas, Lucas Sarmiento y Thiago Burgos Maldonado.<\/li>\n<li><b>[FACET-UNT] \u201cMono Pollo NP++ 18\u201d<\/b>: Mikael Lescano Stisman, Benjam\u00edn Villa y Juan Augusto Adad.<\/li>\n<li><b>[UTN-FRT] \u201cGSE\u201d<\/b>: Ana Paula L\u00f3pez, M\u00e1ximo Reinoso y Constanza Nacir.<\/li>\n<li><b>[FACET-UNT] \u201cLas Divinas\u201d<\/b>: Sof\u00eda Sandoval, Martina Yahel Camisay y Mar\u00eda Victoria Gim\u00e9nez.<\/li>\n<\/ul>\n<p>En la clasificaci\u00f3n correspondiente a la sede FACET, el podio qued\u00f3 conformado por:<\/p>\n<p><b>1.\u00ba \u201cComputops\u201d<\/b>\u00a0\u2014 4 problemas resueltos y\u00a0<b>55.\u00ba puesto en la clasificaci\u00f3n nacional<\/b>.<\/p>\n<p><b>2.\u00ba \u201cMono Pollo NP++ 18\u201d<\/b>\u00a0\u2014 3 problemas resueltos y\u00a0<b>97.\u00ba puesto en la clasificaci\u00f3n nacional<\/b>.<\/p>\n<p><b>3.\u00ba \u201cAchilata\u201d<\/b>\u00a0\u2014 3 problemas resueltos y\u00a0<b>99.\u00ba puesto en la clasificaci\u00f3n nacional<\/b>.<\/p>\n<p>De esta manera, el equipo\u00a0<b>\u201cComputops\u201d<\/b>, integrado por estudiantes de la FACET-UNT, se consagr\u00f3 campe\u00f3n de la sede tucumana y obtuvo el mejor resultado entre los equipos participantes en la competencia local.<\/p>\n<h4><b>Una competencia que promueve el talento y el trabajo en equipo<\/b><\/h4>\n<p>La organizaci\u00f3n de la sede FACET estuvo a cargo del\u00a0<b>Laboratorio de Computaci\u00f3n Cient\u00edfica (LabCC)<\/b>\u00a0y del\u00a0<b>Departamento de Ciencias de la Computaci\u00f3n<\/b>, bajo la coordinaci\u00f3n del\u00a0<b>Dr. Lic. Jorge Namour, la Lic. Werenitzky y el Lic. Benjam\u00edn Cort\u00e9s<\/b>.<\/p>\n<p>Desde la organizaci\u00f3n se destac\u00f3 especialmente la permanente colaboraci\u00f3n de\u00a0<b>Mariana Gonz\u00e1lez Cabrera<\/b>, secretaria del Departamento de Ciencias de la Computaci\u00f3n, y del estudiante\u00a0<b>Facundo Abbas<\/b>.<\/p>\n<p>Asimismo, se agradeci\u00f3 el acompa\u00f1amiento y la colaboraci\u00f3n de los docentes de la\u00a0<b>UTN-FRT<\/b>, Ing. Sandra Valla, Ing. Walter Ram\u00f3n Ballesteros e Ing. Jos\u00e9 de la Cruz, y del docente de la\u00a0<b>UNSTA<\/b>, Ing. Jos\u00e9 Molina, quienes contribuyeron al desarrollo de la competencia en la sede.<\/p>\n<p><em><strong>La participaci\u00f3n de la FACET en el TAP reafirma el compromiso de la instituci\u00f3n con la\u00a0formaci\u00f3n en ciencias de la computaci\u00f3n, el desarrollo de competencias tecnol\u00f3gicas y la generaci\u00f3n de espacios que promuevan el talento, la creatividad y el trabajo colaborativo entre estudiantes universitarios.<\/strong><\/em><\/p>\n<\/div>\n<\/div><\/div><div id=\"panel-30862-0-1-1\" class=\"so-panel widget widget_sow-slider panel-last-child\" data-index=\"2\" ><div\n\t\t\t\n\t\t\tclass=\"so-widget-sow-slider so-widget-sow-slider-default-53fd0f98de19-30862\"\n\t\t\t\n\t\t><div class=\"sow-slider-base\" style=\"display: none\"><ul\n\t\t\t\t\tclass=\"sow-slider-images\"\n\t\t\t\t\tdata-settings=\"{&quot;pagination&quot;:true,&quot;speed&quot;:800,&quot;timeout&quot;:8000,&quot;paused&quot;:false,&quot;pause_on_hover&quot;:false,&quot;swipe&quot;:true,&quot;nav_always_show_desktop&quot;:&quot;&quot;,&quot;nav_always_show_mobile&quot;:&quot;&quot;,&quot;breakpoint&quot;:&quot;780px&quot;,&quot;unmute&quot;:false,&quot;anchor&quot;:null}\"\n\t\t\t\t\t\t\t\t\t\tdata-anchor-id=\"\"\n\t\t\t\t>\t\t<li class=\"sow-slider-image  sow-slider-image-cover\" style=\"visibility: visible;;background-image: url(https:\/\/www.facet.unt.edu.ar\/facetinforma\/wp-content\/uploads\/sites\/9\/2026\/08\/PHOTO-2026-08-31-08-48-17.jpg)\" >\n\t\t\t\t\t\t\t\t\t<img width=\"1280\" height=\"960\" src=\"https:\/\/www.facet.unt.edu.ar\/facetinforma\/wp-content\/uploads\/sites\/9\/2026\/08\/PHOTO-2026-08-31-08-48-17.jpg\" class=\"sow-slider-background-image skip-lazy\" alt=\"\" decoding=\"async\" loading=\"eager\" \/>\t\t\t\t\t\t\t\t<\/li>\n\t\t<\/ul>\t\t\t\t<ol class=\"sow-slider-pagination\">\n\t\t\t\t\t\t\t\t\t\t\t<li><a href=\"#\" data-goto=\"0\" aria-label=\"mostrar diapositiva 1\"><\/a><\/li>\n\t\t\t\t\t\t\t\t\t<\/ol>\n\n\t\t\t\t<div class=\"sow-slide-nav sow-slide-nav-next\">\n\t\t\t\t\t<a href=\"#\" data-goto=\"next\" aria-label=\"diapositiva siguiente\" data-action=\"next\">\n\t\t\t\t\t\t<em class=\"sow-sld-icon-thin-right\"><\/em>\n\t\t\t\t\t<\/a>\n\t\t\t\t<\/div>\n\n\t\t\t\t<div class=\"sow-slide-nav sow-slide-nav-prev\">\n\t\t\t\t\t<a href=\"#\" data-goto=\"previous\" aria-label=\"diapositiva anterior\" data-action=\"prev\">\n\t\t\t\t\t\t<em class=\"sow-sld-icon-thin-left\"><\/em>\n\t\t\t\t\t<\/a>\n\t\t\t\t<\/div>\n\t\t\t\t<\/div><\/div><\/div><\/div><\/div><\/div>","protected":false},"excerpt":{"rendered":"<p>La competencia reuni\u00f3 a 186 equipos de universidades de todo el pa\u00eds y tuvo 17 sedes simult\u00e1neas. En la sede de la FACET participaron representantes de la UNT, la UTN-FRT y la UNSTA. El pasado 29 de agosto se desarroll\u00f3 la\u00a016.\u00aa edici\u00f3n del Torneo Argentino de Programaci\u00f3n (TAP), una de las principales competencias universitarias de [&hellip;]<\/p>\n","protected":false},"author":123512,"featured_media":30863,"comment_status":"closed","ping_status":"closed","sticky":false,"template":"","format":"standard","meta":[],"categories":[1],"tags":[],"_links":{"self":[{"href":"https:\/\/www.facet.unt.edu.ar\/facetinforma\/wp-json\/wp\/v2\/posts\/30862"}],"collection":[{"href":"https:\/\/www.facet.unt.edu.ar\/facetinforma\/wp-json\/wp\/v2\/posts"}],"about":[{"href":"https:\/\/www.facet.unt.edu.ar\/facetinforma\/wp-json\/wp\/v2\/types\/post"}],"author":[{"embeddable":true,"href":"https:\/\/www.facet.unt.edu.ar\/facetinforma\/wp-json\/wp\/v2\/users\/123512"}],"replies":[{"embeddable":true,"href":"https:\/\/www.facet.unt.edu.ar\/facetinforma\/wp-json\/wp\/v2\/comments?post=30862"}],"version-history":[{"count":4,"href":"https:\/\/www.facet.unt.edu.ar\/facetinforma\/wp-json\/wp\/v2\/posts\/30862\/revisions"}],"predecessor-version":[{"id":30868,"href":"https:\/\/www.facet.unt.edu.ar\/facetinforma\/wp-json\/wp\/v2\/posts\/30862\/revisions\/30868"}],"wp:featuredmedia":[{"embeddable":true,"href":"https:\/\/www.facet.unt.edu.ar\/facetinforma\/wp-json\/wp\/v2\/media\/30863"}],"wp:attachment":[{"href":"https:\/\/www.facet.unt.edu.ar\/facetinforma\/wp-json\/wp\/v2\/media?parent=30862"}],"wp:term":[{"taxonomy":"category","embeddable":true,"href":"https:\/\/www.facet.unt.edu.ar\/facetinforma\/wp-json\/wp\/v2\/categories?post=30862"},{"taxonomy":"post_tag","embeddable":true,"href":"https:\/\/www.facet.unt.edu.ar\/facetinforma\/wp-json\/wp\/v2\/tags?post=30862"}],"curies":[{"name":"wp","href":"https:\/\/api.w.org\/{rel}","templated":true}]}}