{"id":30871,"date":"2026-09-04T11:52:40","date_gmt":"2026-09-04T14:52:40","guid":{"rendered":"https:\/\/www.facet.unt.edu.ar\/facetinforma\/?p=30871"},"modified":"2026-09-04T11:52:51","modified_gmt":"2026-09-04T14:52:51","slug":"la-facet-celebro-su-segundo-acto-de-colacion-de-grado-2026","status":"publish","type":"post","link":"https:\/\/www.facet.unt.edu.ar\/facetinforma\/2026\/09\/04\/la-facet-celebro-su-segundo-acto-de-colacion-de-grado-2026\/","title":{"rendered":"La FACET celebr\u00f3 su segundo Acto de Colaci\u00f3n de Grado 2026"},"content":{"rendered":"<div id=\"pl-30871\"  class=\"panel-layout\" ><div id=\"pg-30871-0\"  class=\"panel-grid panel-no-style\" ><div id=\"pgc-30871-0-0\"  class=\"panel-grid-cell\" ><div id=\"panel-30871-0-0-0\" class=\"so-panel widget widget_media_image panel-first-child panel-last-child\" data-index=\"0\" ><img width=\"4284\" height=\"4284\" src=\"https:\/\/www.facet.unt.edu.ar\/facetinforma\/wp-content\/uploads\/sites\/9\/2026\/09\/unnamed-8.jpg\" class=\"image wp-image-30872  attachment-full size-full\" alt=\"\" decoding=\"async\" loading=\"lazy\" style=\"max-width: 100%; height: auto;\" \/><\/div><\/div><div id=\"pgc-30871-0-1\"  class=\"panel-grid-cell\" ><div id=\"panel-30871-0-1-0\" class=\"so-panel widget widget_sow-editor panel-first-child\" data-index=\"1\" ><div\n\t\t\t\n\t\t\tclass=\"so-widget-sow-editor so-widget-sow-editor-base\"\n\t\t\t\n\t\t>\n<div class=\"siteorigin-widget-tinymce textwidget\">\n\t<p><strong>La Facultad de Ciencias Exactas y Tecnolog\u00eda de la Universidad Nacional de Tucum\u00e1n llev\u00f3 a cabo este viernes 4 de septiembre su\u00a0Segundo Acto Acad\u00e9mico de Colaci\u00f3n de Grado 2026, una ceremonia que reuni\u00f3 a autoridades, docentes, nodocentes, familiares y amigos para acompa\u00f1ar a los\u00a040 nuevos graduados\u00a0de la instituci\u00f3n en uno de los momentos m\u00e1s significativos de su trayectoria universitaria.<\/strong><\/p>\n<p>&nbsp;<\/p>\n<p>El acto estuvo encabezado por el\u00a0<b>decano de la FACET, Mg. Ing. Sergio F. Mohamed, y la vicedecana, Ing. A\u00edda Olmos<\/b>, junto a todo su gabinete de gesti\u00f3n, adem\u00e1s de autoridades de la Universidad Nacional de Tucum\u00e1n y de la comunidad universitaria.<\/p>\n<p>Durante la ceremonia se realiz\u00f3 el ingreso de los graduados y de las Banderas de Ceremonia Nacional y de Macha de la FACET, se entonaron las estrofas del Himno Nacional Argentino y se compartieron las palabras de representantes de los graduados, del cuerpo docente y de la autoridad de la Facultad.<\/p>\n<p>En sus palabras alusivas, el decano\u00a0<b>Sergio Mohamed destac\u00f3 especialmente el significado de ser egresado de la Universidad Nacional de Tucum\u00e1n<\/b>, una instituci\u00f3n p\u00fablica de profunda trayectoria y compromiso con la formaci\u00f3n profesional. En este sentido, puso en valor el esfuerzo y la dedicaci\u00f3n que cada graduado destin\u00f3 para alcanzar esta meta, pero tambi\u00e9n el acompa\u00f1amiento de sus familias y de todas aquellas personas que estuvieron presentes a lo largo del camino.<\/p>\n<p>La colaci\u00f3n representa as\u00ed mucho m\u00e1s que la entrega de un diploma:\u00a0<b>es el reconocimiento a a\u00f1os de estudio, perseverancia y crecimiento, y el comienzo de una nueva etapa en la vida profesional de cada graduado<\/b>.<\/p>\n<p><em>\u201cSer egresado de la UNT es llevar consigo el nombre y la identidad de una Universidad que forma profesionales comprometidos con su comunidad y con el desarrollo de la sociedad\u201d<\/em>, fue uno de los ejes destacados durante el mensaje del Decano.<\/p>\n<p>Finalmente, los 40 graduados realizaron el juramento correspondiente y recibieron sus diplomas, acompa\u00f1ados por sus seres queridos y por toda la comunidad de la FACET.<\/p>\n<p>Con orgullo, la Facultad despide hoy a una nueva generaci\u00f3n de profesionales que llevar\u00e1 consigo no solo los conocimientos adquiridos durante su formaci\u00f3n, sino tambi\u00e9n parte de la historia, los valores y la identidad de esta comunidad universitaria.<\/p>\n<p><b>Felicitaciones a los 40 nuevos graduados de la FACET. Que este logro sea el comienzo de nuevos desaf\u00edos, oportunidades y caminos para seguir creciendo y aportando, desde sus profesiones, al desarrollo de nuestra sociedad.<\/b><\/p>\n<\/div>\n<\/div><\/div><div id=\"panel-30871-0-1-1\" class=\"so-panel widget widget_sow-slider panel-last-child\" data-index=\"2\" ><div\n\t\t\t\n\t\t\tclass=\"so-widget-sow-slider so-widget-sow-slider-default-53fd0f98de19-30871\"\n\t\t\t\n\t\t><div class=\"sow-slider-base\" style=\"display: none\"><ul\n\t\t\t\t\tclass=\"sow-slider-images\"\n\t\t\t\t\tdata-settings=\"{&quot;pagination&quot;:true,&quot;speed&quot;:800,&quot;timeout&quot;:8000,&quot;paused&quot;:false,&quot;pause_on_hover&quot;:false,&quot;swipe&quot;:true,&quot;nav_always_show_desktop&quot;:&quot;&quot;,&quot;nav_always_show_mobile&quot;:&quot;&quot;,&quot;breakpoint&quot;:&quot;780px&quot;,&quot;unmute&quot;:false,&quot;anchor&quot;:null}\"\n\t\t\t\t\t\t\t\t\t\tdata-anchor-id=\"\"\n\t\t\t\t>\t\t<li class=\"sow-slider-image  sow-slider-image-cover\" style=\"visibility: visible;;background-image: url(https:\/\/www.facet.unt.edu.ar\/facetinforma\/wp-content\/uploads\/sites\/9\/2026\/09\/unnamed.jpg)\" >\n\t\t\t\t\t\t\t\t\t<img width=\"1280\" height=\"741\" src=\"https:\/\/www.facet.unt.edu.ar\/facetinforma\/wp-content\/uploads\/sites\/9\/2026\/09\/unnamed.jpg\" class=\"sow-slider-background-image skip-lazy\" alt=\"\" decoding=\"async\" loading=\"eager\" \/>\t\t\t\t\t\t\t\t<\/li>\n\t\t<\/ul>\t\t\t\t<ol class=\"sow-slider-pagination\">\n\t\t\t\t\t\t\t\t\t\t\t<li><a href=\"#\" data-goto=\"0\" aria-label=\"mostrar diapositiva 1\"><\/a><\/li>\n\t\t\t\t\t\t\t\t\t<\/ol>\n\n\t\t\t\t<div class=\"sow-slide-nav sow-slide-nav-next\">\n\t\t\t\t\t<a href=\"#\" data-goto=\"next\" aria-label=\"diapositiva siguiente\" data-action=\"next\">\n\t\t\t\t\t\t<em class=\"sow-sld-icon-thin-right\"><\/em>\n\t\t\t\t\t<\/a>\n\t\t\t\t<\/div>\n\n\t\t\t\t<div class=\"sow-slide-nav sow-slide-nav-prev\">\n\t\t\t\t\t<a href=\"#\" data-goto=\"previous\" aria-label=\"diapositiva anterior\" data-action=\"prev\">\n\t\t\t\t\t\t<em class=\"sow-sld-icon-thin-left\"><\/em>\n\t\t\t\t\t<\/a>\n\t\t\t\t<\/div>\n\t\t\t\t<\/div><\/div><\/div><\/div><\/div><\/div>","protected":false},"excerpt":{"rendered":"<p>La Facultad de Ciencias Exactas y Tecnolog\u00eda de la Universidad Nacional de Tucum\u00e1n llev\u00f3 a cabo este viernes 4 de septiembre su\u00a0Segundo Acto Acad\u00e9mico de Colaci\u00f3n de Grado 2026, una ceremonia que reuni\u00f3 a autoridades, docentes, nodocentes, familiares y amigos para acompa\u00f1ar a los\u00a040 nuevos graduados\u00a0de la instituci\u00f3n en uno de los momentos m\u00e1s significativos [&hellip;]<\/p>\n","protected":false},"author":123512,"featured_media":30872,"comment_status":"closed","ping_status":"closed","sticky":false,"template":"","format":"standard","meta":[],"categories":[1],"tags":[],"_links":{"self":[{"href":"https:\/\/www.facet.unt.edu.ar\/facetinforma\/wp-json\/wp\/v2\/posts\/30871"}],"collection":[{"href":"https:\/\/www.facet.unt.edu.ar\/facetinforma\/wp-json\/wp\/v2\/posts"}],"about":[{"href":"https:\/\/www.facet.unt.edu.ar\/facetinforma\/wp-json\/wp\/v2\/types\/post"}],"author":[{"embeddable":true,"href":"https:\/\/www.facet.unt.edu.ar\/facetinforma\/wp-json\/wp\/v2\/users\/123512"}],"replies":[{"embeddable":true,"href":"https:\/\/www.facet.unt.edu.ar\/facetinforma\/wp-json\/wp\/v2\/comments?post=30871"}],"version-history":[{"count":8,"href":"https:\/\/www.facet.unt.edu.ar\/facetinforma\/wp-json\/wp\/v2\/posts\/30871\/revisions"}],"predecessor-version":[{"id":30881,"href":"https:\/\/www.facet.unt.edu.ar\/facetinforma\/wp-json\/wp\/v2\/posts\/30871\/revisions\/30881"}],"wp:featuredmedia":[{"embeddable":true,"href":"https:\/\/www.facet.unt.edu.ar\/facetinforma\/wp-json\/wp\/v2\/media\/30872"}],"wp:attachment":[{"href":"https:\/\/www.facet.unt.edu.ar\/facetinforma\/wp-json\/wp\/v2\/media?parent=30871"}],"wp:term":[{"taxonomy":"category","embeddable":true,"href":"https:\/\/www.facet.unt.edu.ar\/facetinforma\/wp-json\/wp\/v2\/categories?post=30871"},{"taxonomy":"post_tag","embeddable":true,"href":"https:\/\/www.facet.unt.edu.ar\/facetinforma\/wp-json\/wp\/v2\/tags?post=30871"}],"curies":[{"name":"wp","href":"https:\/\/api.w.org\/{rel}","templated":true}]}}