{"id":309,"date":"2012-03-09T08:55:01","date_gmt":"2012-03-09T08:55:01","guid":{"rendered":"http:\/\/www1.herrera.unt.edu.ar\/facetinforma\/?p=309"},"modified":"2012-03-09T08:55:01","modified_gmt":"2012-03-09T08:55:01","slug":"mesa-de-examenes-de-fecha-040412","status":"publish","type":"post","link":"https:\/\/www.facet.unt.edu.ar\/facetinforma\/2012\/03\/09\/mesa-de-examenes-de-fecha-040412\/","title":{"rendered":"Mesa de Ex\u00e1menes de fecha 04\/04\/12"},"content":{"rendered":"<p><strong>Informaci\u00f3n sobre la mesa del \u00a004\/04\/2012:<\/strong><\/p>\n<div>\n<div>\n<p style=\"text-align: justify\">Por resoluci\u00f3n 1644 de a\u00f1o 2011, el Consejo Directivo de esta Facultad aprob\u00f3 la mesa de examen de fecha 04\/04\/2012.\u00a0<\/p>\n<p style=\"text-align: justify\">La misma, tiene las\u00a0 siguientes caracter\u00edsticas:<\/p>\n<ul style=\"text-align: justify\">\n<li>Pertenece al per\u00edodo lectivo 2012.<\/li>\n<li>Esta mesa sustituye a la mesa de mayo.<\/li>\n<li>En ella pueden rendir todos los alumnos de la FACET, que est\u00e9n en condiciones de hacerlo.<\/li>\n<li>Para poder inscribirse en esta mesa, los alumnos deben estar reinscriptos \u00a0en la FACET.<\/li>\n<\/ul>\n<p style=\"text-align: justify\">Se debe hacer notar que si se tiene en cuenta que los trabajos pr\u00e1cticos correspondientes al per\u00edodo lectivo 2011, vencen el d\u00eda 31\/03, recomendamos tomar la rev\u00e1lida de Trabajos Pr\u00e1cticos entre los d\u00edas 23 a 27 de Marzo del corriente a fin de que los alumnos se encuentren en condiciones de inscribirse a la mesa de referencia el d\u00eda 01 de Abril. <\/p>\n<div><span style=\"font-family: garamond,serif\"><strong>\u00a0 \u00a0 \u00a0 \u00a0Dra. Estela del Valle Ruiz<\/strong><\/span><\/div>\n<div><span style=\"font-family: garamond,serif\">\u00a0 \u00a0 \u00a0 \u00a0 \u00a0 \u00a0 \u00a0 Secretaria Acad\u00e9mica\u00a0<\/span><\/div>\n<div><span style=\"font-family: Garamond\">Facultad de Ciencias Exactas y Tecnolog\u00eda<\/span><\/div>\n<div><span style=\"font-family: Garamond\">\u00a0\u00a0\u00a0 Universidad Nacional de Tucum\u00e1n<\/span><\/div>\n<\/div>\n<\/div>\n","protected":false},"excerpt":{"rendered":"<p>Informaci\u00f3n sobre la mesa del \u00a004\/04\/2012: Por resoluci\u00f3n 1644 de a\u00f1o 2011, el Consejo Directivo de esta Facultad aprob\u00f3 la mesa de examen de fecha 04\/04\/2012.\u00a0 La misma, tiene las\u00a0 siguientes caracter\u00edsticas: Pertenece al per\u00edodo lectivo 2012. Esta mesa sustituye a la mesa de mayo. En ella pueden rendir todos los alumnos de la FACET, [&hellip;]<\/p>\n","protected":false},"author":6,"featured_media":0,"comment_status":"closed","ping_status":"open","sticky":false,"template":"","format":"standard","meta":[],"categories":[5],"tags":[],"_links":{"self":[{"href":"https:\/\/www.facet.unt.edu.ar\/facetinforma\/wp-json\/wp\/v2\/posts\/309"}],"collection":[{"href":"https:\/\/www.facet.unt.edu.ar\/facetinforma\/wp-json\/wp\/v2\/posts"}],"about":[{"href":"https:\/\/www.facet.unt.edu.ar\/facetinforma\/wp-json\/wp\/v2\/types\/post"}],"author":[{"embeddable":true,"href":"https:\/\/www.facet.unt.edu.ar\/facetinforma\/wp-json\/wp\/v2\/users\/6"}],"replies":[{"embeddable":true,"href":"https:\/\/www.facet.unt.edu.ar\/facetinforma\/wp-json\/wp\/v2\/comments?post=309"}],"version-history":[{"count":0,"href":"https:\/\/www.facet.unt.edu.ar\/facetinforma\/wp-json\/wp\/v2\/posts\/309\/revisions"}],"wp:attachment":[{"href":"https:\/\/www.facet.unt.edu.ar\/facetinforma\/wp-json\/wp\/v2\/media?parent=309"}],"wp:term":[{"taxonomy":"category","embeddable":true,"href":"https:\/\/www.facet.unt.edu.ar\/facetinforma\/wp-json\/wp\/v2\/categories?post=309"},{"taxonomy":"post_tag","embeddable":true,"href":"https:\/\/www.facet.unt.edu.ar\/facetinforma\/wp-json\/wp\/v2\/tags?post=309"}],"curies":[{"name":"wp","href":"https:\/\/api.w.org\/{rel}","templated":true}]}}