{"id":3301,"date":"2013-04-29T13:57:02","date_gmt":"2013-04-29T13:57:02","guid":{"rendered":"http:\/\/www1.herrera.unt.edu.ar\/facetinforma\/?p=3301"},"modified":"2013-04-29T13:57:02","modified_gmt":"2013-04-29T13:57:02","slug":"cibim-2013-xi-congreso-iberoamericano-de-ingenieria-mecanica","status":"publish","type":"post","link":"https:\/\/www.facet.unt.edu.ar\/facetinforma\/2013\/04\/29\/cibim-2013-xi-congreso-iberoamericano-de-ingenieria-mecanica\/","title":{"rendered":"CIBIM 2013 &#8211; XI Congreso Iberoamericano de Ingenier\u00eda Mec\u00e1nica"},"content":{"rendered":"<p style=\"text-align: justify\">El Comit\u00e9 Organizador del CIBIM 2013 lo invita a participar en el XI Congreso Iberoamericano de Ingenier\u00eda Mec\u00e1nica que tendr\u00e1 lugar en la ciudad de La Plata, Argentina, los d\u00edas <strong>11, 12, 13 y 14 de Noviembre de 2013<\/strong>.<\/p>\n<p>En el siguiente link encontrar\u00e1n toda la informaci\u00f3n sobre el evento:<br \/><a href=\"http:\/\/www.ing.unlp.edu.ar\/congresos\/%7Ecibim2013\/\" target=\"_blank\"> http:\/\/www.ing.unlp.edu.ar\/congresos\/~cibim2013\/<br \/> <\/a><\/p>\n<p>Un cordial saludo,<\/p>\n<h6><span style=\"font-size: x-small;font-family: times new roman,times\">&#8212; <\/span><br \/><span style=\"font-size: x-small;font-family: times new roman,times\"> Mercedes E. Montes de Oca<\/span><br \/><span style=\"font-size: x-small;font-family: times new roman,times\"> Secretar\u00eda Ejecutiva CONFEDI<\/span><br \/><span style=\"font-size: x-small;font-family: times new roman,times\"> Consejo Federal de Decanos de Ingenier\u00eda.<\/span><br \/><span style=\"font-size: x-small;font-family: times new roman,times\"> Cerrito 1250, 3\u00ba 15. (C1010AAZ)<\/span><br \/><span style=\"font-size: x-small;font-family: times new roman,times\"> (54 11) 4811-3648<\/span><br \/><span style=\"font-size: x-small;font-family: times new roman,times\"> WEB: <a href=\"http:\/\/www.confedi.org.ar\" target=\"_blank\">www.confedi.org.ar<\/a><\/span><br \/><span style=\"font-size: x-small;font-family: times new roman,times\"> Mail: <a href=\"mailto:secretaria@confedi.org.ar\" target=\"_blank\">secretaria@confedi.org.ar<\/a><\/span><\/h6>\n","protected":false},"excerpt":{"rendered":"<p>El Comit\u00e9 Organizador del CIBIM 2013 lo invita a participar en el XI Congreso Iberoamericano de Ingenier\u00eda Mec\u00e1nica que tendr\u00e1 lugar en la ciudad de La Plata, Argentina, los d\u00edas 11, 12, 13 y 14 de Noviembre de 2013. En el siguiente link encontrar\u00e1n toda la informaci\u00f3n sobre el evento: http:\/\/www.ing.unlp.edu.ar\/congresos\/~cibim2013\/ Un cordial saludo, &#8212; [&hellip;]<\/p>\n","protected":false},"author":6,"featured_media":0,"comment_status":"closed","ping_status":"open","sticky":false,"template":"","format":"standard","meta":[],"categories":[5],"tags":[],"_links":{"self":[{"href":"https:\/\/www.facet.unt.edu.ar\/facetinforma\/wp-json\/wp\/v2\/posts\/3301"}],"collection":[{"href":"https:\/\/www.facet.unt.edu.ar\/facetinforma\/wp-json\/wp\/v2\/posts"}],"about":[{"href":"https:\/\/www.facet.unt.edu.ar\/facetinforma\/wp-json\/wp\/v2\/types\/post"}],"author":[{"embeddable":true,"href":"https:\/\/www.facet.unt.edu.ar\/facetinforma\/wp-json\/wp\/v2\/users\/6"}],"replies":[{"embeddable":true,"href":"https:\/\/www.facet.unt.edu.ar\/facetinforma\/wp-json\/wp\/v2\/comments?post=3301"}],"version-history":[{"count":0,"href":"https:\/\/www.facet.unt.edu.ar\/facetinforma\/wp-json\/wp\/v2\/posts\/3301\/revisions"}],"wp:attachment":[{"href":"https:\/\/www.facet.unt.edu.ar\/facetinforma\/wp-json\/wp\/v2\/media?parent=3301"}],"wp:term":[{"taxonomy":"category","embeddable":true,"href":"https:\/\/www.facet.unt.edu.ar\/facetinforma\/wp-json\/wp\/v2\/categories?post=3301"},{"taxonomy":"post_tag","embeddable":true,"href":"https:\/\/www.facet.unt.edu.ar\/facetinforma\/wp-json\/wp\/v2\/tags?post=3301"}],"curies":[{"name":"wp","href":"https:\/\/api.w.org\/{rel}","templated":true}]}}