{"id":3440,"date":"2013-05-17T09:00:33","date_gmt":"2013-05-17T09:00:33","guid":{"rendered":"http:\/\/www1.herrera.unt.edu.ar\/facetinforma\/?p=3440"},"modified":"2013-05-17T09:00:33","modified_gmt":"2013-05-17T09:00:33","slug":"curso-taller-estrategias-didacticas-para-la-ensenanza-de-la-geometria-euclidiana","status":"publish","type":"post","link":"https:\/\/www.facet.unt.edu.ar\/facetinforma\/2013\/05\/17\/curso-taller-estrategias-didacticas-para-la-ensenanza-de-la-geometria-euclidiana\/","title":{"rendered":"Curso &#8211; Taller &#8220;Estrategias Did\u00e1cticas para la Ense\u00f1anza de la Geometr\u00eda Euclidiana&#8221;"},"content":{"rendered":"<p style=\"text-align: justify\">Integrantes del Grupo de Investigaci\u00f3n NUGIM, docentes del Departamento de Matem\u00e1tica de la FACET \u2013 UNT, inician las Actividades del Curso- Taller de Geometr\u00eda \u201c<strong>ESTRATEGIAS<\/strong> <strong>DID\u00c1CTICAS PARA LA ENSE\u00d1ANZA DE LA GEOMETR\u00cdA EUCLIDIANA\u201d<\/strong>, que otorga Puntaje Docente por Res. N\u00ba 2090 \/ 5 (SGE). En esta oportunidad dirigido a Supervisores, Directivos y Docentes del Nivel Primario del Sistema Educativo Provincial.<\/p>\n<p style=\"text-align: justify\">La capacitaci\u00f3n ser\u00e1 con modalidad de Curso-Taller presencial, con una duraci\u00f3n 39 hs. c\u00e1tedra, desarrollado en 9 encuentros presenciales (un encuentro semanal los d\u00edas Jueves de 18.30 a 21 hs.).<\/p>\n<p style=\"text-align: justify\"><strong>Cupo M\u00ednimo: <\/strong>Treinta (30) participantes.<\/p>\n<p style=\"text-align: justify\"><strong>Sede <\/strong>a determinar: Casa del Estudiante (General Paz 826) &#8211; Casa de ADIUNT (La Rioja 437).<\/p>\n<p style=\"text-align: justify\">Los interesados deben realizar:<br \/> <strong>PRE- INSCRIPCI\u00d3N POR MAIL<\/strong>: <a href=\"mailto:depmat@herrera.unt.edu.ar\">depmat@herrera.unt.edu.ar<\/a> <br \/>Desde el 20 al 31 de Mayo de 2013.<\/p>\n<p style=\"text-align: justify\"><strong>INFORMES E INSCRIPCI\u00d3N:<\/strong><br \/> Secretar\u00eda del Departamento de Matem\u00e1tica<br \/> Facultad de Ciencias Exactas y Tecnolog\u00eda<br \/> Av. Independencia 1800. Block 2 &#8211; Tel: 0381 \u2013 410 7574<br \/> Horario: Lunes a Viernes de 8.30 a 13 hs.<\/p>\n<p style=\"text-align: justify\"><strong>CIERRE DE INSCRIPCI\u00d3N: <\/strong>04 de Junio de 2013.<\/p>\n<p style=\"text-align: center\"><span style=\"color: #3366ff\"><strong>INICIO de las Actividades: Jueves 6 de Junio de 2013.<\/strong><\/span><\/p>\n<p style=\"text-align: justify\">Se adjunta d\u00edptico del curso: &#8211; <a href=\"https:\/\/www.facet.unt.edu.ar\/facetinforma\/wp-content\/uploads\/sites\/9\/2013\/05\/diptico-curso-geometria.pdf\" target=\"_blank\">D\u00edptico Curso.pdf<\/a><\/p>\n<div id=\"dc_vk_code\">\u00a0<\/div>\n","protected":false},"excerpt":{"rendered":"<p>Integrantes del Grupo de Investigaci\u00f3n NUGIM, docentes del Departamento de Matem\u00e1tica de la FACET \u2013 UNT, inician las Actividades del Curso- Taller de Geometr\u00eda \u201cESTRATEGIAS DID\u00c1CTICAS PARA LA ENSE\u00d1ANZA DE LA GEOMETR\u00cdA EUCLIDIANA\u201d, que otorga Puntaje Docente por Res. N\u00ba 2090 \/ 5 (SGE). En esta oportunidad dirigido a Supervisores, Directivos y Docentes del Nivel [&hellip;]<\/p>\n","protected":false},"author":6,"featured_media":0,"comment_status":"closed","ping_status":"open","sticky":false,"template":"","format":"standard","meta":[],"categories":[5],"tags":[],"_links":{"self":[{"href":"https:\/\/www.facet.unt.edu.ar\/facetinforma\/wp-json\/wp\/v2\/posts\/3440"}],"collection":[{"href":"https:\/\/www.facet.unt.edu.ar\/facetinforma\/wp-json\/wp\/v2\/posts"}],"about":[{"href":"https:\/\/www.facet.unt.edu.ar\/facetinforma\/wp-json\/wp\/v2\/types\/post"}],"author":[{"embeddable":true,"href":"https:\/\/www.facet.unt.edu.ar\/facetinforma\/wp-json\/wp\/v2\/users\/6"}],"replies":[{"embeddable":true,"href":"https:\/\/www.facet.unt.edu.ar\/facetinforma\/wp-json\/wp\/v2\/comments?post=3440"}],"version-history":[{"count":0,"href":"https:\/\/www.facet.unt.edu.ar\/facetinforma\/wp-json\/wp\/v2\/posts\/3440\/revisions"}],"wp:attachment":[{"href":"https:\/\/www.facet.unt.edu.ar\/facetinforma\/wp-json\/wp\/v2\/media?parent=3440"}],"wp:term":[{"taxonomy":"category","embeddable":true,"href":"https:\/\/www.facet.unt.edu.ar\/facetinforma\/wp-json\/wp\/v2\/categories?post=3440"},{"taxonomy":"post_tag","embeddable":true,"href":"https:\/\/www.facet.unt.edu.ar\/facetinforma\/wp-json\/wp\/v2\/tags?post=3440"}],"curies":[{"name":"wp","href":"https:\/\/api.w.org\/{rel}","templated":true}]}}