{"id":3550,"date":"2013-05-30T13:07:47","date_gmt":"2013-05-30T13:07:47","guid":{"rendered":"http:\/\/www1.herrera.unt.edu.ar\/facetinforma\/?p=3550"},"modified":"2013-05-30T13:07:47","modified_gmt":"2013-05-30T13:07:47","slug":"festejos-conmemorativos-del-dia-de-la-ingenieria-argentina","status":"publish","type":"post","link":"https:\/\/www.facet.unt.edu.ar\/facetinforma\/2013\/05\/30\/festejos-conmemorativos-del-dia-de-la-ingenieria-argentina\/","title":{"rendered":"Festejos Conmemorativos del D\u00eda de la Ingenier\u00eda Argentina"},"content":{"rendered":"<p style=\"text-align: justify\">El Sr. Decano de la Facultad de Ciencias Exactas y Tecnolog\u00eda, Ing. Sergio Jos\u00e9 Pagani, invita a todos los miembros de esta comunidad, a participar de los festejos conmemorativos del \u201cD\u00eda de la Ingenier\u00eda Argentina\u201d, a realizarse el Viernes 7 de Junio del corriente, de acuerdo con el siguiente programa:<\/p>\n<p style=\"text-align: justify\"><strong>11:00 hs<\/strong>: Acto Acad\u00e9mico en el Anfiteatro del Departamento de Luminotecnia, Luz y Visi\u00f3n.<\/p>\n<p style=\"text-align: justify\">Palabras de los representantes de los Colegios de Agrimensura, Ingenier\u00eda Civil, Consejo Profesional de la Ingenier\u00eda de Tucum\u00e1n y del Decano de esta Facultad, en alusi\u00f3n al D\u00eda de la Ingenier\u00eda.<\/p>\n<p style=\"text-align: justify\">&#8211; Entrega de Distinciones a egresados con mejores promedios de las distintas carreras de la FACET durante el ciclo lectivo 2012.<\/p>\n<p style=\"text-align: justify\">&#8211; Entrega del COPIT de medalla de Oro al egresado con mejor promedio de las\u00a0 ingenier\u00edas nucleadas durante el ciclo lectivo 2012.\u00a0\u00a0 <!--more--><\/p>\n<p style=\"text-align: justify\"><strong>13:00 hs<\/strong>.: Locro de Camarader\u00eda en el patio central del Block 4 (Ingenier\u00eda Qu\u00edmica\/Civil), con la actuaci\u00f3n de conjuntos de m\u00fasica popular y grupos de baile integrados por estudiantes y egresados de esta Casa.<\/p>\n<p style=\"text-align: justify\"><strong>Precio general de entrada al Locro<\/strong>: $50<\/p>\n<p style=\"text-align: justify\"><strong>Incluye:<\/strong><br \/> \u00fc Copet\u00edn de bienvenida.<br \/> \u00fc Pierna de cerdo con pan, chips y salsas varias.<br \/> \u00fc Empanadas de carne y pollo.<br \/> \u00fc Locro y aderezo. <br \/> \u00fc Gaseosa y vino.<br \/> \u00fc copa de helado o ensalada de frutas.<br \/> \u00fc Shows en vivo.<\/p>\n<p style=\"text-align: justify\"><strong>Lugares de Venta: <\/strong><br \/> &#8211;En cada departamento de la FACET.<br \/> &#8211;Ing. M. de los \u00c1ngeles G\u00f3mez L\u00f3pez<br \/>\u00a0\u00a0 email: <a href=\"mailto:mgomezlopez@herrera.unt.edu.ar\" target=\"_blank\">mgomezlopez@herrera.unt.edu.ar<\/a><br \/>\u00a0\u00a0 Box 1-3-13 Block 1 (Ma\u00f1ana)<br \/>\u00a0\u00a0 Box 1-2-13 Block 1 (Tarde)<br \/> &#8211;Ing. Carlos Sueldo <br \/>\u00a0\u00a0 email: <a href=\"mailto:csueldo@herrera.unt.edu.ar\" target=\"_blank\">csueldo@herrera.unt.edu.ar<\/a><br \/>\u00a0\u00a0 Box 1-3-13 Block 1 (Ma\u00f1ana)<\/p>\n<p style=\"text-align: justify\">Se adjunta afiche del festejo: &#8211; <a href=\"https:\/\/www.facet.unt.edu.ar\/facetinforma\/wp-content\/uploads\/sites\/9\/2013\/05\/afiche.pdf\" target=\"_blank\">Afiche.pdf<\/a><\/p>\n","protected":false},"excerpt":{"rendered":"<p>El Sr. Decano de la Facultad de Ciencias Exactas y Tecnolog\u00eda, Ing. Sergio Jos\u00e9 Pagani, invita a todos los miembros de esta comunidad, a participar de los festejos conmemorativos del \u201cD\u00eda de la Ingenier\u00eda Argentina\u201d, a realizarse el Viernes 7 de Junio del corriente, de acuerdo con el siguiente programa: 11:00 hs: Acto Acad\u00e9mico en [&hellip;]<\/p>\n","protected":false},"author":6,"featured_media":0,"comment_status":"closed","ping_status":"open","sticky":false,"template":"","format":"standard","meta":[],"categories":[5],"tags":[],"_links":{"self":[{"href":"https:\/\/www.facet.unt.edu.ar\/facetinforma\/wp-json\/wp\/v2\/posts\/3550"}],"collection":[{"href":"https:\/\/www.facet.unt.edu.ar\/facetinforma\/wp-json\/wp\/v2\/posts"}],"about":[{"href":"https:\/\/www.facet.unt.edu.ar\/facetinforma\/wp-json\/wp\/v2\/types\/post"}],"author":[{"embeddable":true,"href":"https:\/\/www.facet.unt.edu.ar\/facetinforma\/wp-json\/wp\/v2\/users\/6"}],"replies":[{"embeddable":true,"href":"https:\/\/www.facet.unt.edu.ar\/facetinforma\/wp-json\/wp\/v2\/comments?post=3550"}],"version-history":[{"count":0,"href":"https:\/\/www.facet.unt.edu.ar\/facetinforma\/wp-json\/wp\/v2\/posts\/3550\/revisions"}],"wp:attachment":[{"href":"https:\/\/www.facet.unt.edu.ar\/facetinforma\/wp-json\/wp\/v2\/media?parent=3550"}],"wp:term":[{"taxonomy":"category","embeddable":true,"href":"https:\/\/www.facet.unt.edu.ar\/facetinforma\/wp-json\/wp\/v2\/categories?post=3550"},{"taxonomy":"post_tag","embeddable":true,"href":"https:\/\/www.facet.unt.edu.ar\/facetinforma\/wp-json\/wp\/v2\/tags?post=3550"}],"curies":[{"name":"wp","href":"https:\/\/api.w.org\/{rel}","templated":true}]}}