{"id":360,"date":"2012-03-15T10:27:32","date_gmt":"2012-03-15T10:27:32","guid":{"rendered":"http:\/\/www1.herrera.unt.edu.ar\/facetinforma\/?p=360"},"modified":"2012-03-15T10:27:32","modified_gmt":"2012-03-15T10:27:32","slug":"sinarame","status":"publish","type":"post","link":"https:\/\/www.facet.unt.edu.ar\/facetinforma\/2012\/03\/15\/sinarame\/","title":{"rendered":"SINARAME"},"content":{"rendered":"<p style=\"text-align: justify\">Estimadas\/os:<br \/> Adjuntamos Nota de invitaci\u00f3n y Circular N\u00b0 1 del Taller Nacional de Radares Meteorol\u00f3gicos, a realizarse en INA CIRSA C\u00f3rdoba, el 26 de marzo, a partir de las 09,30 hs.<\/p>\n<p style=\"text-align: justify\">Agradecemos extender invitaci\u00f3n y, en todos los casos, confirmar participaci\u00f3n a:<\/p>\n<p>CENTRO DE LA REGION SEMIARIDA &#8211; CIRSA<br \/> Director: Juan Serra<br \/> e-mail: <a href=\"mailto:jserra@ina.gov.ar\" target=\"_blank\">jserra@ina.gov.ar<\/a><br \/> Sede C\u00f3rdoba: Av. Ambrosio Olmos N\u00b0 1142<br \/> (X5000JGT) C\u00f3rdoba \/ Argentina<br \/> Tel. (54 351) 4682781 \/ Fax (54 351) 4682782<br \/> e-mail: <a href=\"mailto:cirsa@ina.gov.ar\" target=\"_blank\">cirsa@ina.gov.ar<\/a><\/p>\n<p>Cordialmente,<\/p>\n<p>Miguel \u00a0Angel \u00a0Moyano<br \/> Secretar\u00eda Gral.COHIFE<\/p>\n","protected":false},"excerpt":{"rendered":"<p>Estimadas\/os: Adjuntamos Nota de invitaci\u00f3n y Circular N\u00b0 1 del Taller Nacional de Radares Meteorol\u00f3gicos, a realizarse en INA CIRSA C\u00f3rdoba, el 26 de marzo, a partir de las 09,30 hs. Agradecemos extender invitaci\u00f3n y, en todos los casos, confirmar participaci\u00f3n a: CENTRO DE LA REGION SEMIARIDA &#8211; CIRSA Director: Juan Serra e-mail: jserra@ina.gov.ar Sede [&hellip;]<\/p>\n","protected":false},"author":6,"featured_media":0,"comment_status":"closed","ping_status":"open","sticky":false,"template":"","format":"standard","meta":[],"categories":[5],"tags":[],"_links":{"self":[{"href":"https:\/\/www.facet.unt.edu.ar\/facetinforma\/wp-json\/wp\/v2\/posts\/360"}],"collection":[{"href":"https:\/\/www.facet.unt.edu.ar\/facetinforma\/wp-json\/wp\/v2\/posts"}],"about":[{"href":"https:\/\/www.facet.unt.edu.ar\/facetinforma\/wp-json\/wp\/v2\/types\/post"}],"author":[{"embeddable":true,"href":"https:\/\/www.facet.unt.edu.ar\/facetinforma\/wp-json\/wp\/v2\/users\/6"}],"replies":[{"embeddable":true,"href":"https:\/\/www.facet.unt.edu.ar\/facetinforma\/wp-json\/wp\/v2\/comments?post=360"}],"version-history":[{"count":0,"href":"https:\/\/www.facet.unt.edu.ar\/facetinforma\/wp-json\/wp\/v2\/posts\/360\/revisions"}],"wp:attachment":[{"href":"https:\/\/www.facet.unt.edu.ar\/facetinforma\/wp-json\/wp\/v2\/media?parent=360"}],"wp:term":[{"taxonomy":"category","embeddable":true,"href":"https:\/\/www.facet.unt.edu.ar\/facetinforma\/wp-json\/wp\/v2\/categories?post=360"},{"taxonomy":"post_tag","embeddable":true,"href":"https:\/\/www.facet.unt.edu.ar\/facetinforma\/wp-json\/wp\/v2\/tags?post=360"}],"curies":[{"name":"wp","href":"https:\/\/api.w.org\/{rel}","templated":true}]}}