{"id":3612,"date":"2013-06-05T16:00:28","date_gmt":"2013-06-05T16:00:28","guid":{"rendered":"http:\/\/www1.herrera.unt.edu.ar\/facetinforma\/?p=3612"},"modified":"2013-06-05T16:00:28","modified_gmt":"2013-06-05T16:00:28","slug":"curso-formacion-de-auditor-interno-aplicacion-de-la-nueva-norma-iso-190112012","status":"publish","type":"post","link":"https:\/\/www.facet.unt.edu.ar\/facetinforma\/2013\/06\/05\/curso-formacion-de-auditor-interno-aplicacion-de-la-nueva-norma-iso-190112012\/","title":{"rendered":"Curso \u201cFormaci\u00f3n de Auditor Interno: Aplicaci\u00f3n de la nueva norma ISO 19011:2012\u201d"},"content":{"rendered":"<p style=\"text-align: justify\">El Departamento de Luminotecnia, Luz y Visi\u00f3n de Facultad de Ciencias Exactas y Tecnolog\u00eda de la UNT invita a participar del <strong>Curso \u201cFormaci\u00f3n de Auditor Interno: Aplicaci\u00f3n de la nueva norma ISO 19011: 2012&#8243;<\/strong>, dirigido a personal de organizaciones de cualquier tipo, p\u00fablicas o privadas, con sistemas de gesti\u00f3n implementados o en implementaci\u00f3n, profesionales que trabajan en el \u00e1rea de calidad, alumnos de \u00faltimo curso de carreras de grado y p\u00fablico en general. <\/p>\n<p style=\"text-align: justify\"><strong>Fecha<\/strong>:\u00a0<strong>03 al 06 de JULIO de 2013.\u00a0\u00a0 <!--more--><br \/><\/strong><\/p>\n<p style=\"text-align: justify\"><strong>Objetivos:<\/strong> <br \/>Brindar a los participantes los conocimientos, m\u00e9todos y herramientas que les permita organizar e instrumentar\u00a0auditor\u00edas internas de sistemas de gesti\u00f3n y aseguramiento de la calidad, aplicando los principios y conceptos\u00a0\u00a0establecidos en la nueva norma\u00a0<strong>ISO 19011: 2012 Directrices para la auditoria de Sistemas de Gesti\u00f3n<\/strong>, que establece las\u00a0\u00a0pautas para la realizaci\u00f3n de \u00a0auditor\u00eda internas\u00a0\u00a0o de primera parte\u00a0\u00a0de los sistemas de gesti\u00f3n de la calidad y\/o ambiental, y auditorias a proveedores o de segunda parte.<\/p>\n<p style=\"text-align: justify\">Actualizar la formaci\u00f3n como auditor interno con los nuevos contenidos de la norma ISO 19011, que introduce los conceptos\u00a0\u00a0de riesgo en auditorias,\u00a0\u00a0confidencialidad, auditorias a distancia, entre otros.<\/p>\n<p style=\"text-align: justify\">El curso se dictar\u00e1 en el mencionado Departamento los d\u00edas indicados, de 15:00 a 20:00 hs.\u00a0(el S\u00e1bado de 9 a 13 hs.) \u00a0y requieren de inscripci\u00f3n previa pues los cupos son limitados.<\/p>\n<p style=\"text-align: justify\"><strong>Por mayores informes y\/o inscripci\u00f3n, los interesados pueden contactarse con el Ing. Sergio R. Gor (<a href=\"mailto:sgor@herrera.unt.edu.ar\" target=\"_blank\">sgor@herrera.unt.edu.ar<\/a>)\u00a0 o dirigirse al Departamento de Luminotecnia, Luz y Visi\u00f3n (Av. Independencia 1800),\u00a0tel\u00e9fono 436-1936, por la ma\u00f1ana.<\/strong><\/p>\n<div id=\"dc_vk_code\">\u00a0<\/div>\n","protected":false},"excerpt":{"rendered":"<p>El Departamento de Luminotecnia, Luz y Visi\u00f3n de Facultad de Ciencias Exactas y Tecnolog\u00eda de la UNT invita a participar del Curso \u201cFormaci\u00f3n de Auditor Interno: Aplicaci\u00f3n de la nueva norma ISO 19011: 2012&#8243;, dirigido a personal de organizaciones de cualquier tipo, p\u00fablicas o privadas, con sistemas de gesti\u00f3n implementados o en implementaci\u00f3n, profesionales que [&hellip;]<\/p>\n","protected":false},"author":6,"featured_media":0,"comment_status":"closed","ping_status":"open","sticky":false,"template":"","format":"standard","meta":[],"categories":[5],"tags":[],"_links":{"self":[{"href":"https:\/\/www.facet.unt.edu.ar\/facetinforma\/wp-json\/wp\/v2\/posts\/3612"}],"collection":[{"href":"https:\/\/www.facet.unt.edu.ar\/facetinforma\/wp-json\/wp\/v2\/posts"}],"about":[{"href":"https:\/\/www.facet.unt.edu.ar\/facetinforma\/wp-json\/wp\/v2\/types\/post"}],"author":[{"embeddable":true,"href":"https:\/\/www.facet.unt.edu.ar\/facetinforma\/wp-json\/wp\/v2\/users\/6"}],"replies":[{"embeddable":true,"href":"https:\/\/www.facet.unt.edu.ar\/facetinforma\/wp-json\/wp\/v2\/comments?post=3612"}],"version-history":[{"count":0,"href":"https:\/\/www.facet.unt.edu.ar\/facetinforma\/wp-json\/wp\/v2\/posts\/3612\/revisions"}],"wp:attachment":[{"href":"https:\/\/www.facet.unt.edu.ar\/facetinforma\/wp-json\/wp\/v2\/media?parent=3612"}],"wp:term":[{"taxonomy":"category","embeddable":true,"href":"https:\/\/www.facet.unt.edu.ar\/facetinforma\/wp-json\/wp\/v2\/categories?post=3612"},{"taxonomy":"post_tag","embeddable":true,"href":"https:\/\/www.facet.unt.edu.ar\/facetinforma\/wp-json\/wp\/v2\/tags?post=3612"}],"curies":[{"name":"wp","href":"https:\/\/api.w.org\/{rel}","templated":true}]}}