{"id":3758,"date":"2013-06-19T09:33:39","date_gmt":"2013-06-19T09:33:39","guid":{"rendered":"http:\/\/www1.herrera.unt.edu.ar\/facetinforma\/?p=3758"},"modified":"2013-06-19T09:33:39","modified_gmt":"2013-06-19T09:33:39","slug":"primera-circular-asades-2013","status":"publish","type":"post","link":"https:\/\/www.facet.unt.edu.ar\/facetinforma\/2013\/06\/19\/primera-circular-asades-2013\/","title":{"rendered":"Primera Circular ASADES 2013"},"content":{"rendered":"<p style=\"text-align: justify\">Estimados Socios de ASADES:<br \/> Enviamos la primera circular correspondiente el XXXVI Reuni\u00f3n de Trabajo de Asociaci\u00f3n Argentina de Energ\u00edas Renovables y Ambiente y del XXII Encuentro de la Asociaci\u00f3n Internacional para la Educaci\u00f3n en Energ\u00eda Solar: <br \/>&#8211; <a href=\"https:\/\/www.facet.unt.edu.ar\/facetinforma\/wp-content\/uploads\/sites\/9\/2013\/06\/Circular-1.pdf\" target=\"_blank\">Circular.pdf<\/a><\/p>\n<p style=\"text-align: justify\">Saludos Cordiales,<\/p>\n<h6><span style=\"font-size: x-small;font-family: times new roman,times\">&#8212;<\/span><br \/><span style=\"font-size: x-small;font-family: times new roman,times\"> Comisi\u00f3n Organizadora<\/span><br \/><span style=\"font-size: x-small;font-family: times new roman,times\"> Congreso ASADES 2013<\/span><br \/><span style=\"font-size: x-small;font-family: times new roman,times\"> Tucum\u00e1n<\/span><\/h6>\n<div id=\"dc_vk_code\">\u00a0<\/div>\n","protected":false},"excerpt":{"rendered":"<p>Estimados Socios de ASADES: Enviamos la primera circular correspondiente el XXXVI Reuni\u00f3n de Trabajo de Asociaci\u00f3n Argentina de Energ\u00edas Renovables y Ambiente y del XXII Encuentro de la Asociaci\u00f3n Internacional para la Educaci\u00f3n en Energ\u00eda Solar: &#8211; Circular.pdf Saludos Cordiales, &#8212; Comisi\u00f3n Organizadora Congreso ASADES 2013 Tucum\u00e1n \u00a0<\/p>\n","protected":false},"author":6,"featured_media":0,"comment_status":"closed","ping_status":"open","sticky":false,"template":"","format":"standard","meta":[],"categories":[5],"tags":[],"_links":{"self":[{"href":"https:\/\/www.facet.unt.edu.ar\/facetinforma\/wp-json\/wp\/v2\/posts\/3758"}],"collection":[{"href":"https:\/\/www.facet.unt.edu.ar\/facetinforma\/wp-json\/wp\/v2\/posts"}],"about":[{"href":"https:\/\/www.facet.unt.edu.ar\/facetinforma\/wp-json\/wp\/v2\/types\/post"}],"author":[{"embeddable":true,"href":"https:\/\/www.facet.unt.edu.ar\/facetinforma\/wp-json\/wp\/v2\/users\/6"}],"replies":[{"embeddable":true,"href":"https:\/\/www.facet.unt.edu.ar\/facetinforma\/wp-json\/wp\/v2\/comments?post=3758"}],"version-history":[{"count":0,"href":"https:\/\/www.facet.unt.edu.ar\/facetinforma\/wp-json\/wp\/v2\/posts\/3758\/revisions"}],"wp:attachment":[{"href":"https:\/\/www.facet.unt.edu.ar\/facetinforma\/wp-json\/wp\/v2\/media?parent=3758"}],"wp:term":[{"taxonomy":"category","embeddable":true,"href":"https:\/\/www.facet.unt.edu.ar\/facetinforma\/wp-json\/wp\/v2\/categories?post=3758"},{"taxonomy":"post_tag","embeddable":true,"href":"https:\/\/www.facet.unt.edu.ar\/facetinforma\/wp-json\/wp\/v2\/tags?post=3758"}],"curies":[{"name":"wp","href":"https:\/\/api.w.org\/{rel}","templated":true}]}}