{"id":3788,"date":"2013-06-25T09:51:11","date_gmt":"2013-06-25T09:51:11","guid":{"rendered":"http:\/\/www1.herrera.unt.edu.ar\/facetinforma\/?p=3788"},"modified":"2013-06-25T09:51:11","modified_gmt":"2013-06-25T09:51:11","slug":"invitacion-a-la-ii-jornada-por-la-inclusion-fau-2013","status":"publish","type":"post","link":"https:\/\/www.facet.unt.edu.ar\/facetinforma\/2013\/06\/25\/invitacion-a-la-ii-jornada-por-la-inclusion-fau-2013\/","title":{"rendered":"Invitaci\u00f3n a la II Jornada por la Inclusi\u00f3n &#8211; FAU 2013"},"content":{"rendered":"<p style=\"text-align: justify\">La Facultad de Arquitectura y Urbanismo de la Universidad Nacional de Tucum\u00e1n a trav\u00e9s de su Gabinete de Dise\u00f1o Universal\u00a0invita a \u00a0participar de las II Jornadas por la Inclusi\u00f3n que se realizar\u00e1n los d\u00edas 27, 28 y 29 de Junio de 2013.\u00a0<\/p>\n<p style=\"text-align: justify\">Los\u00a0d\u00edas\u00a027\/6 y 28 \/6 se llevar\u00e1 a cabo en el Hall Central de la FAU ubicada en Av. N. Kirchner 1800. El Cierre de las Jornadas ser\u00e1 el d\u00eda 29\/06 y tendr\u00e1 lugar en el teatro Alberdi ubicado en Cris\u00f3stomo \u00c1lvarez esquina Jujuy.<\/p>\n<p style=\"text-align: justify\">Los interesados en participar deben escribir a nuestra direcci\u00f3n de e-mail: (<a href=\"mailto:gdu.fau.unt@gmail.com\" target=\"_blank\">gdu.fau.unt@gmail.com<\/a>), indicando en que eje\u00a0participar\u00eda\u00a0y la modalidad.<\/p>\n<p style=\"text-align: justify\">Si la modalidad elegida es tipo poster o\u00a0presentaci\u00f3n\u00a0audiovisual\u00a0\u00a0deber\u00e1 adjuntar un\u00a0\u00a0resumen en word con un\u00a0m\u00e1ximo\u00a0de hasta 200 palabras. (Tipograf\u00eda: Arial \u2013 Tama\u00f1o texto: 12 \u2013 Tama\u00f1o t\u00edtulo: 14).\u00a0\u00a0 <!--more--><\/p>\n<p style=\"text-align: justify\"><strong>Ejes Tem\u00e1ticos<\/strong>:<br \/> 1. Expresiones Art\u00edsticas: Stand y\/o banners; Presentaciones en Vivo.<br \/> 2. Deporte Adaptado: Stand y\/o banners; Presentaciones en Vivo.<br \/> 3. Trabajo e Instituciones: Charlas cortas con Power Point y\/o Video.<br \/> 4. Emprendimientos e Inclusi\u00f3n: Charlas cortas con Power Point y\/o Video.<br \/> 5. Espacios Favorables para la Vejez: Stand y\/o banners; Presentaciones en Vivo; Charlas cortas con Power Point y\/o Video.<br \/> 6. Marco Normativo y Derechos Humanos: Stand y\/o banners.<br \/> 7. Universidad e Inclusi\u00f3n: Stand y\/o banners; Charlas cortas con Power Point y\/o Video.<\/p>\n<p style=\"text-align: justify\"><strong>Modalidad de Exposici\u00f3n<\/strong>:<\/p>\n<p style=\"text-align: justify\">*\u00a0Resumen de presentaci\u00f3n: Hasta 200 palabras (Tipograf\u00eda: Arial \u2013 Tama\u00f1o texto: 11 \u2013 Tama\u00f1o t\u00edtulo: 14).<\/p>\n<p style=\"text-align: justify\">\u00a0*\u00a0\u00a0Opciones de exposici\u00f3n:<\/p>\n<p style=\"text-align: justify\">Modalidad:<\/p>\n<p style=\"text-align: justify\">&#8211; Formato Poster: Tama\u00f1o: A0 (841mm x 118,9mm).<\/p>\n<p style=\"text-align: justify\">&#8211;\u00a0Stand \u00a0hasta: espacio disponible como 2 tableros m\u00e1ximo (0,80m x 2,00m).<\/p>\n<p style=\"text-align: justify\">Por consultas \u00a0dirigirse \u00a0a 1er. Piso de la Facultad de Arquitectura, (GABINETE UNIVERSAL) D\u00edas y horarios de atenci\u00f3n: Martes, mi\u00e9rcoles y Jueves de 9 a 12hs.o bien por tel\u00e9fono (Secretar\u00eda de\u00a0Extensi\u00f3n\u00a0&#8211; FAU)\u00a0N\u00ba 0381-4107539\u00a0de lunes a viernes de 7:30 a 13:00 hs.<\/p>\n<p style=\"text-align: justify\">Se adjunta Afiche publicitario: &#8211; <a href=\"https:\/\/www.facet.unt.edu.ar\/facetinforma\/wp-content\/uploads\/sites\/9\/2013\/06\/AficheJornadasInclusi\u00f3n.jpg\" target=\"_blank\">Afiche.jpg<\/a><\/p>\n<p style=\"text-align: justify\">Esperamos contar con su presencia.<\/p>\n<p style=\"text-align: justify\">Saludos cordiales,<\/p>\n<h6><span style=\"font-size: x-small;font-family: times new roman,times\">&#8212; <\/span><br \/><span style=\"font-size: x-small;font-family: times new roman,times\"> Secretar\u00eda de Extensi\u00f3n<\/span><br \/><span style=\"font-size: x-small;font-family: times new roman,times\"> FAU-UNT<\/span><\/h6>\n<div id=\"dc_vk_code\">\u00a0<\/div>\n","protected":false},"excerpt":{"rendered":"<p>La Facultad de Arquitectura y Urbanismo de la Universidad Nacional de Tucum\u00e1n a trav\u00e9s de su Gabinete de Dise\u00f1o Universal\u00a0invita a \u00a0participar de las II Jornadas por la Inclusi\u00f3n que se realizar\u00e1n los d\u00edas 27, 28 y 29 de Junio de 2013.\u00a0 Los\u00a0d\u00edas\u00a027\/6 y 28 \/6 se llevar\u00e1 a cabo en el Hall Central de [&hellip;]<\/p>\n","protected":false},"author":6,"featured_media":0,"comment_status":"closed","ping_status":"open","sticky":false,"template":"","format":"standard","meta":[],"categories":[5],"tags":[],"_links":{"self":[{"href":"https:\/\/www.facet.unt.edu.ar\/facetinforma\/wp-json\/wp\/v2\/posts\/3788"}],"collection":[{"href":"https:\/\/www.facet.unt.edu.ar\/facetinforma\/wp-json\/wp\/v2\/posts"}],"about":[{"href":"https:\/\/www.facet.unt.edu.ar\/facetinforma\/wp-json\/wp\/v2\/types\/post"}],"author":[{"embeddable":true,"href":"https:\/\/www.facet.unt.edu.ar\/facetinforma\/wp-json\/wp\/v2\/users\/6"}],"replies":[{"embeddable":true,"href":"https:\/\/www.facet.unt.edu.ar\/facetinforma\/wp-json\/wp\/v2\/comments?post=3788"}],"version-history":[{"count":0,"href":"https:\/\/www.facet.unt.edu.ar\/facetinforma\/wp-json\/wp\/v2\/posts\/3788\/revisions"}],"wp:attachment":[{"href":"https:\/\/www.facet.unt.edu.ar\/facetinforma\/wp-json\/wp\/v2\/media?parent=3788"}],"wp:term":[{"taxonomy":"category","embeddable":true,"href":"https:\/\/www.facet.unt.edu.ar\/facetinforma\/wp-json\/wp\/v2\/categories?post=3788"},{"taxonomy":"post_tag","embeddable":true,"href":"https:\/\/www.facet.unt.edu.ar\/facetinforma\/wp-json\/wp\/v2\/tags?post=3788"}],"curies":[{"name":"wp","href":"https:\/\/api.w.org\/{rel}","templated":true}]}}