{"id":3827,"date":"2013-06-26T19:30:22","date_gmt":"2013-06-26T19:30:22","guid":{"rendered":"http:\/\/www1.herrera.unt.edu.ar\/facetinforma\/?p=3827"},"modified":"2013-06-26T19:30:22","modified_gmt":"2013-06-26T19:30:22","slug":"invitacion-cafe-cientifico-sidetec","status":"publish","type":"post","link":"https:\/\/www.facet.unt.edu.ar\/facetinforma\/2013\/06\/26\/invitacion-cafe-cientifico-sidetec\/","title":{"rendered":"Invitaci\u00f3n Caf\u00e9 Cient\u00edfico &#8211; SIDETEC"},"content":{"rendered":"<p style=\"text-align: justify\">La SIDETEC invita al caf\u00e9 cient\u00edfico: <strong>&#8220;Transferencia de Tecnolog\u00eda &#8211; Propiedad Intelectual&#8221;<\/strong> a realizarse el d\u00eda viernes 28 de junio del corriente a\u00f1o a horas 16:00 hs, en Las Piedras 881.<\/p>\n<p style=\"text-align: justify\">La actividad estar\u00e1 a cargo de la Dra.\u00a0en Ciencias Biol\u00f3gicas Amalia Koss, docente de grado y posgrado de la Universidad Austral y de la UBA y Especialista en Gesti\u00f3n de Propiedad Intelectual.<\/p>\n<p style=\"text-align: justify\">Los temas a desarrollar son el proceso de transferencia del conocimiento; papel de la ciencia y tecnolog\u00eda; empresas y sistema productivo; mercados; disposiciones normativas y derechos de propiedad intelectual.<\/p>\n<p>Se adjunta afiche del encuentro: &#8211; <a href=\"https:\/\/www.facet.unt.edu.ar\/facetinforma\/wp-content\/uploads\/sites\/9\/2013\/06\/cafe-cientifico.jpg\" target=\"_blank\">Caf\u00e9 Cient\u00edfico.jpg<\/a><\/p>\n<p>Esperamos contar con su valiosa presencia.<\/p>\n<p>Cordialmente,<\/p>\n<h6><span style=\"font-size: x-small;font-family: times new roman,times\">&#8212;<\/span><br \/><span style=\"font-size: x-small;font-family: times new roman,times\">Dr. Javier Noguera<\/span><br \/><span style=\"font-size: x-small;font-family: times new roman,times\"> Secretario de Estado de Innovaci\u00f3n y Desarrollo Tecnol\u00f3gico<\/span><br \/><span style=\"font-size: x-small;font-family: times new roman,times\"> SIDETEC &#8211; GOB. DE PCIA. TUCUM\u00c1N<\/span><\/h6>\n<div id=\"dc_vk_code\">\u00a0<\/div>\n","protected":false},"excerpt":{"rendered":"<p>La SIDETEC invita al caf\u00e9 cient\u00edfico: &#8220;Transferencia de Tecnolog\u00eda &#8211; Propiedad Intelectual&#8221; a realizarse el d\u00eda viernes 28 de junio del corriente a\u00f1o a horas 16:00 hs, en Las Piedras 881. La actividad estar\u00e1 a cargo de la Dra.\u00a0en Ciencias Biol\u00f3gicas Amalia Koss, docente de grado y posgrado de la Universidad Austral y de la [&hellip;]<\/p>\n","protected":false},"author":6,"featured_media":0,"comment_status":"closed","ping_status":"open","sticky":false,"template":"","format":"standard","meta":[],"categories":[5],"tags":[],"_links":{"self":[{"href":"https:\/\/www.facet.unt.edu.ar\/facetinforma\/wp-json\/wp\/v2\/posts\/3827"}],"collection":[{"href":"https:\/\/www.facet.unt.edu.ar\/facetinforma\/wp-json\/wp\/v2\/posts"}],"about":[{"href":"https:\/\/www.facet.unt.edu.ar\/facetinforma\/wp-json\/wp\/v2\/types\/post"}],"author":[{"embeddable":true,"href":"https:\/\/www.facet.unt.edu.ar\/facetinforma\/wp-json\/wp\/v2\/users\/6"}],"replies":[{"embeddable":true,"href":"https:\/\/www.facet.unt.edu.ar\/facetinforma\/wp-json\/wp\/v2\/comments?post=3827"}],"version-history":[{"count":0,"href":"https:\/\/www.facet.unt.edu.ar\/facetinforma\/wp-json\/wp\/v2\/posts\/3827\/revisions"}],"wp:attachment":[{"href":"https:\/\/www.facet.unt.edu.ar\/facetinforma\/wp-json\/wp\/v2\/media?parent=3827"}],"wp:term":[{"taxonomy":"category","embeddable":true,"href":"https:\/\/www.facet.unt.edu.ar\/facetinforma\/wp-json\/wp\/v2\/categories?post=3827"},{"taxonomy":"post_tag","embeddable":true,"href":"https:\/\/www.facet.unt.edu.ar\/facetinforma\/wp-json\/wp\/v2\/tags?post=3827"}],"curies":[{"name":"wp","href":"https:\/\/api.w.org\/{rel}","templated":true}]}}