{"id":3834,"date":"2013-06-27T10:00:10","date_gmt":"2013-06-27T10:00:10","guid":{"rendered":"http:\/\/www1.herrera.unt.edu.ar\/facetinforma\/?p=3834"},"modified":"2013-06-27T10:00:10","modified_gmt":"2013-06-27T10:00:10","slug":"encuentro-latinoamericano-de-uso-racional-y-eficiente-de-la-energia-eluree-2013","status":"publish","type":"post","link":"https:\/\/www.facet.unt.edu.ar\/facetinforma\/2013\/06\/27\/encuentro-latinoamericano-de-uso-racional-y-eficiente-de-la-energia-eluree-2013\/","title":{"rendered":"Encuentro Latinoamericano de Uso Racional y Eficiente de la Energ\u00eda (ELUREE 2013)"},"content":{"rendered":"<p style=\"text-align: justify\">Estimados,<\/p>\n<p style=\"text-align: justify\">Tenemos el agrado de dirigirnos a ustedes a fin de enviarles la Tercera Circular del Encuentro Latinoamericano de Uso Racional y Eficiente de la Energ\u00eda (ELUREE 2013). El mismo tendr\u00e1 lugar entre los d\u00edas 25 y 27 de septiembre del corriente en la Facultad de Ciencias Econ\u00f3micas de la Universidad de Buenos Aire (UBA) y cuenta con la organizaci\u00f3n de dicha casa de estudios, la Universidad Nacional de San Mart\u00edn (UNSAM) y el Instituto Nacional de Tecnolog\u00eda Industrial (INTI).\u00a0\u00a0 <!--more--><\/p>\n<p style=\"text-align: justify\">En el archivo adjunto, podr\u00e1n encontrar los ejes tem\u00e1ticos, el cronograma del Encuentro, y las condiciones de\u00a0 presentaci\u00f3n para los trabajos y ponencias, etc.: &#8211; <a href=\"https:\/\/www.facet.unt.edu.ar\/facetinforma\/wp-content\/uploads\/sites\/9\/2013\/06\/ELUREE-2013-Tercera-Circular.pdf\" target=\"_blank\">Tercera Circular.pdf<\/a><\/p>\n<p style=\"text-align: justify\">Esperamos que los objetivos perseguidos en el mismo sean de su inter\u00e9s.<\/p>\n<p style=\"text-align: justify\">Cordiales saludos,<\/p>\n<h6 style=\"text-align: justify\"><span style=\"font-size: x-small;font-family: times new roman,times\">&#8212;<\/span><br \/><span style=\"font-size: x-small;font-family: times new roman,times\"> PIUBAES<\/span><br \/><span style=\"font-size: x-small;font-family: times new roman,times\"> Programa Interdisciplinario de la<\/span><br \/><span style=\"font-size: x-small;font-family: times new roman,times\"> UBA sobre Energ\u00eda Sustentable<\/span><\/h6>\n","protected":false},"excerpt":{"rendered":"<p>Estimados, Tenemos el agrado de dirigirnos a ustedes a fin de enviarles la Tercera Circular del Encuentro Latinoamericano de Uso Racional y Eficiente de la Energ\u00eda (ELUREE 2013). El mismo tendr\u00e1 lugar entre los d\u00edas 25 y 27 de septiembre del corriente en la Facultad de Ciencias Econ\u00f3micas de la Universidad de Buenos Aire (UBA) [&hellip;]<\/p>\n","protected":false},"author":6,"featured_media":0,"comment_status":"closed","ping_status":"open","sticky":false,"template":"","format":"standard","meta":[],"categories":[5],"tags":[],"_links":{"self":[{"href":"https:\/\/www.facet.unt.edu.ar\/facetinforma\/wp-json\/wp\/v2\/posts\/3834"}],"collection":[{"href":"https:\/\/www.facet.unt.edu.ar\/facetinforma\/wp-json\/wp\/v2\/posts"}],"about":[{"href":"https:\/\/www.facet.unt.edu.ar\/facetinforma\/wp-json\/wp\/v2\/types\/post"}],"author":[{"embeddable":true,"href":"https:\/\/www.facet.unt.edu.ar\/facetinforma\/wp-json\/wp\/v2\/users\/6"}],"replies":[{"embeddable":true,"href":"https:\/\/www.facet.unt.edu.ar\/facetinforma\/wp-json\/wp\/v2\/comments?post=3834"}],"version-history":[{"count":0,"href":"https:\/\/www.facet.unt.edu.ar\/facetinforma\/wp-json\/wp\/v2\/posts\/3834\/revisions"}],"wp:attachment":[{"href":"https:\/\/www.facet.unt.edu.ar\/facetinforma\/wp-json\/wp\/v2\/media?parent=3834"}],"wp:term":[{"taxonomy":"category","embeddable":true,"href":"https:\/\/www.facet.unt.edu.ar\/facetinforma\/wp-json\/wp\/v2\/categories?post=3834"},{"taxonomy":"post_tag","embeddable":true,"href":"https:\/\/www.facet.unt.edu.ar\/facetinforma\/wp-json\/wp\/v2\/tags?post=3834"}],"curies":[{"name":"wp","href":"https:\/\/api.w.org\/{rel}","templated":true}]}}