{"id":3854,"date":"2013-06-28T19:41:05","date_gmt":"2013-06-28T19:41:05","guid":{"rendered":"http:\/\/www1.herrera.unt.edu.ar\/facetinforma\/?p=3854"},"modified":"2013-06-28T19:41:05","modified_gmt":"2013-06-28T19:41:05","slug":"programa-jovenes-profesionales-exterran-2013","status":"publish","type":"post","link":"https:\/\/www.facet.unt.edu.ar\/facetinforma\/2013\/06\/28\/programa-jovenes-profesionales-exterran-2013\/","title":{"rendered":"Programa J\u00f3venes Profesionales EXTERRAN 2013"},"content":{"rendered":"<p style=\"text-align: justify\">Exterran, empresa multinacional con presencia en 30 pa\u00edses, l\u00edder en compresi\u00f3n y tratamiento de gas, que se dedica a brindar soluciones en superficie de campo para la industria petrolera, lanza su Programa de J\u00f3venes Profesionales 2013.<\/p>\n<p style=\"text-align: justify\"><span style=\"text-decoration: underline\">REQUISITOS Y\/O CONOCIMIENTOS:<\/span><br \/> &#8211; Alumno\/as pr\u00f3ximos a Graduarse (hasta 2 finales pendientes) y recientemente Graduado\/as de las Carreras de Ing. Civil, Ing. El\u00e9ctrica, Ing. Electr\u00f3nica, Ing. Industrial, Ing. Mec\u00e1nica e Ing. Qu\u00edmica.<br \/> &#8211; Buen Desempe\u00f1o Acad\u00e9mico.<br \/> &#8211; Edad hasta 28 a\u00f1os.<br \/> &#8211; Manejo Intermedio del Idioma Ingl\u00e9s.<br \/> &#8211; Disponibilidad para Viajar y Trasladarse a diferentes Ciudades del Pa\u00eds.<br \/> &#8211; No requiere Experiencia Laboral previa.<br \/> &#8211; B\u00fasqueda orientada a personas con Iniciativa, muy buenas Relaciones Interpersonales, Capaces de adaptarse a diferentes Contextos, que le interesen los Desaf\u00edos y con ganas de Aprender.\u00a0\u00a0 <!--more--><\/p>\n<p style=\"text-align: justify\">Los interesados deben enviar su CV hasta el <strong>Martes 23 de Julio de 2013<\/strong> a <a href=\"mailto:sae.facet@gmail.com\" target=\"_blank\">sae.facet@gmail.com<\/a> destacando en el Asunto del mail la palabra: \u201cEXTERRAN&#8221;.<\/p>\n<p style=\"text-align: justify\">Adjuntar el CV con el formato: DNI-NombreCompleto.doc \u00f3 DNI-NombreCompleto.pdf. Ejemplo: 12345678-MarianaGarcia.xls<\/p>\n<p style=\"text-align: justify\">IMPORTANTE: NO SE RECIBIR\u00c1N ARCHIVOS DE M\u00c1S DE 500 KB.<\/p>\n<p style=\"text-align: justify\">Atentamente,<\/p>\n<h6><span style=\"font-size: x-small;font-family: times new roman,times\">&#8212; <\/span><br \/><span style=\"font-size: x-small;font-family: times new roman,times\"> Ing. Marcelo Emilio Leiva<\/span><br \/><span style=\"font-size: x-small;font-family: times new roman,times\"> Coordinador de Becas y Pasant\u00edas<\/span><br \/><span style=\"font-size: x-small;font-family: times new roman,times\"> Secretar\u00eda de Bienestar Estudiantil<\/span><br \/><span style=\"font-size: x-small;font-family: times new roman,times\"> Facultad de Ciencias Exactas y Tecnolog\u00eda<\/span><br \/><span style=\"font-size: x-small;font-family: times new roman,times\">Universidad Nacional de Tucum\u00e1n<\/span><\/h6>\n<p style=\"text-align: justify\">PD: Se adjunta Aviso de la Convocatoria: &#8211; <a href=\"http:\/\/www1.herrera.unt.edu.ar\/facetinforma\/?p=3854\" target=\"_blank\">Aviso &#8211; Programa J\u00f3venes Profesionales 2013 &#8211; EXTERRAN.pdf<\/a><\/p>\n<div id=\"dc_vk_code\">\u00a0<\/div>\n","protected":false},"excerpt":{"rendered":"<p>Exterran, empresa multinacional con presencia en 30 pa\u00edses, l\u00edder en compresi\u00f3n y tratamiento de gas, que se dedica a brindar soluciones en superficie de campo para la industria petrolera, lanza su Programa de J\u00f3venes Profesionales 2013. REQUISITOS Y\/O CONOCIMIENTOS: &#8211; Alumno\/as pr\u00f3ximos a Graduarse (hasta 2 finales pendientes) y recientemente Graduado\/as de las Carreras de [&hellip;]<\/p>\n","protected":false},"author":6,"featured_media":0,"comment_status":"closed","ping_status":"open","sticky":false,"template":"","format":"standard","meta":[],"categories":[5,6],"tags":[],"_links":{"self":[{"href":"https:\/\/www.facet.unt.edu.ar\/facetinforma\/wp-json\/wp\/v2\/posts\/3854"}],"collection":[{"href":"https:\/\/www.facet.unt.edu.ar\/facetinforma\/wp-json\/wp\/v2\/posts"}],"about":[{"href":"https:\/\/www.facet.unt.edu.ar\/facetinforma\/wp-json\/wp\/v2\/types\/post"}],"author":[{"embeddable":true,"href":"https:\/\/www.facet.unt.edu.ar\/facetinforma\/wp-json\/wp\/v2\/users\/6"}],"replies":[{"embeddable":true,"href":"https:\/\/www.facet.unt.edu.ar\/facetinforma\/wp-json\/wp\/v2\/comments?post=3854"}],"version-history":[{"count":0,"href":"https:\/\/www.facet.unt.edu.ar\/facetinforma\/wp-json\/wp\/v2\/posts\/3854\/revisions"}],"wp:attachment":[{"href":"https:\/\/www.facet.unt.edu.ar\/facetinforma\/wp-json\/wp\/v2\/media?parent=3854"}],"wp:term":[{"taxonomy":"category","embeddable":true,"href":"https:\/\/www.facet.unt.edu.ar\/facetinforma\/wp-json\/wp\/v2\/categories?post=3854"},{"taxonomy":"post_tag","embeddable":true,"href":"https:\/\/www.facet.unt.edu.ar\/facetinforma\/wp-json\/wp\/v2\/tags?post=3854"}],"curies":[{"name":"wp","href":"https:\/\/api.w.org\/{rel}","templated":true}]}}