{"id":3983,"date":"2013-07-31T16:00:15","date_gmt":"2013-07-31T16:00:15","guid":{"rendered":"http:\/\/www1.herrera.unt.edu.ar\/facetinforma\/?p=3983"},"modified":"2013-07-31T16:00:15","modified_gmt":"2013-07-31T16:00:15","slug":"semana-de-la-ciencia-y-la-tecnologia-mincyt-2013","status":"publish","type":"post","link":"https:\/\/www.facet.unt.edu.ar\/facetinforma\/2013\/07\/31\/semana-de-la-ciencia-y-la-tecnologia-mincyt-2013\/","title":{"rendered":"XI SEMANA DE LA CIENCIA Y LA TECNOLOG\u00cdA &#8211; MINCYT \u2013 2013"},"content":{"rendered":"<p style=\"text-align: justify\">Estimados docentes\/investigadores:<\/p>\n<p style=\"text-align: justify\">El Programa Nacional de Popularizaci\u00f3n de la Ciencia y la Innovaci\u00f3n del Ministerio de Ciencia, Tecnolog\u00eda e Innovaci\u00f3n Productiva y nuestra Facultad, tienen el agrado de invitarlos a participar de la <strong><span style=\"text-decoration: underline\">XI SEMANA DE LA CIENCIA Y LA TECNOLOG\u00cdA<\/span> <\/strong>que se realizar\u00e1 entre<strong> el <span style=\"text-decoration: underline\">16 y 27 de setiembre de 2013<\/span><\/strong>en todo el pa\u00eds, con el objeto de brindar espacios de divulgaci\u00f3n, difusi\u00f3n y debate acerca de la ciencia, la tecnolog\u00eda y la producci\u00f3n del conocimiento cient\u00edfico. Por otro lado, estas actividades constituyen un n\u00facleo interesante para captar alumnos e interesados en las carreras de nuestra Facultad.<\/p>\n<p style=\"text-align: justify\">Para lograr que estudiantes de todos los niveles, docentes y p\u00fablico en general se acerquen a la ciencia, se convoca a los diferentes sectores del sistema cient\u00edfico nacional a desarrollar actividades. \u00c9stas pueden incluir <strong><span style=\"text-decoration: underline\">talleres tem\u00e1ticos, charlas con especialistas, visitas guiadas a laboratorios de investigaci\u00f3n, muestras de experimentos, exposiciones fotogr\u00e1ficas, cine cient\u00edfico y visitas de los investigadores a las escuelas<\/span><\/strong>.\u00a0\u00a0 <!--more--><\/p>\n<p style=\"text-align: justify\">Podr\u00e1n hacernos llegar el detalle de las actividades hasta el <strong>viernes 2 de agosto<\/strong> pr\u00f3ximo, llenando los datos de la ficha que se adjunta envi\u00e1ndola a <a href=\"mailto:cytfacet@herrera.unt.edu.ar\" target=\"_blank\">cytfacet@herrera.unt.edu.ar<\/a><\/p>\n<p style=\"text-align: justify\">Se adjunta afiche de la actividad: &#8211; <a href=\"https:\/\/www.facet.unt.edu.ar\/facetinforma\/wp-content\/uploads\/sites\/9\/2013\/07\/XI_Semana_2013.pdf\" target=\"_blank\">XI_Semana_2013.pdf<\/a><\/p>\n<p style=\"text-align: justify\">Esperando contar con su activa participaci\u00f3n, los saluda con atenta consideraci\u00f3n,<\/p>\n<h6><span style=\"font-size: x-small;font-family: times new roman,times\">&#8212;<\/span><br \/><span style=\"font-size: x-small;font-family: times new roman,times\"> Dra. Ing. Myriam Herrera <\/span><br \/><span style=\"font-size: x-small;font-family: times new roman,times\"> Directora <\/span><br \/><span style=\"font-size: x-small;font-family: times new roman,times\"> Departamento de Ciencia y T\u00e9cnica <\/span><br \/><span style=\"font-size: x-small;font-family: times new roman,times\"> FACET \u2013 UNT<\/span><\/h6>\n<div id=\"dc_vk_code\">\u00a0<\/div>\n","protected":false},"excerpt":{"rendered":"<p>Estimados docentes\/investigadores: El Programa Nacional de Popularizaci\u00f3n de la Ciencia y la Innovaci\u00f3n del Ministerio de Ciencia, Tecnolog\u00eda e Innovaci\u00f3n Productiva y nuestra Facultad, tienen el agrado de invitarlos a participar de la XI SEMANA DE LA CIENCIA Y LA TECNOLOG\u00cdA que se realizar\u00e1 entre el 16 y 27 de setiembre de 2013en todo el [&hellip;]<\/p>\n","protected":false},"author":6,"featured_media":0,"comment_status":"closed","ping_status":"open","sticky":false,"template":"","format":"standard","meta":[],"categories":[5],"tags":[],"_links":{"self":[{"href":"https:\/\/www.facet.unt.edu.ar\/facetinforma\/wp-json\/wp\/v2\/posts\/3983"}],"collection":[{"href":"https:\/\/www.facet.unt.edu.ar\/facetinforma\/wp-json\/wp\/v2\/posts"}],"about":[{"href":"https:\/\/www.facet.unt.edu.ar\/facetinforma\/wp-json\/wp\/v2\/types\/post"}],"author":[{"embeddable":true,"href":"https:\/\/www.facet.unt.edu.ar\/facetinforma\/wp-json\/wp\/v2\/users\/6"}],"replies":[{"embeddable":true,"href":"https:\/\/www.facet.unt.edu.ar\/facetinforma\/wp-json\/wp\/v2\/comments?post=3983"}],"version-history":[{"count":0,"href":"https:\/\/www.facet.unt.edu.ar\/facetinforma\/wp-json\/wp\/v2\/posts\/3983\/revisions"}],"wp:attachment":[{"href":"https:\/\/www.facet.unt.edu.ar\/facetinforma\/wp-json\/wp\/v2\/media?parent=3983"}],"wp:term":[{"taxonomy":"category","embeddable":true,"href":"https:\/\/www.facet.unt.edu.ar\/facetinforma\/wp-json\/wp\/v2\/categories?post=3983"},{"taxonomy":"post_tag","embeddable":true,"href":"https:\/\/www.facet.unt.edu.ar\/facetinforma\/wp-json\/wp\/v2\/tags?post=3983"}],"curies":[{"name":"wp","href":"https:\/\/api.w.org\/{rel}","templated":true}]}}