{"id":3999,"date":"2013-08-01T20:00:19","date_gmt":"2013-08-01T20:00:19","guid":{"rendered":"http:\/\/www1.herrera.unt.edu.ar\/facetinforma\/?p=3999"},"modified":"2013-08-01T20:00:19","modified_gmt":"2013-08-01T20:00:19","slug":"invitacion-para-integrar-comision-de-conmemoracion-del-centenario","status":"publish","type":"post","link":"https:\/\/www.facet.unt.edu.ar\/facetinforma\/2013\/08\/01\/invitacion-para-integrar-comision-de-conmemoracion-del-centenario\/","title":{"rendered":"Invitaci\u00f3n para Integrar Comisi\u00f3n de Conmemoraci\u00f3n del Centenario"},"content":{"rendered":"<p style=\"text-align: justify\">El Se\u00f1or Decano de la Facultad de Ciencias Exactas y Tecnolog\u00eda, Ing. Sergio Jos\u00e9 Pagani, invita a la comunidad universitaria \u00a0de esta unidad acad\u00e9mica a participar de la Comisi\u00f3n de la FACET destinada a conmemorar el centenario de la Universidad Nacional de Tucum\u00e1n.<\/p>\n<p style=\"text-align: justify\">Para ello, deber\u00e1n comunicarse \u00a0con la Secretar\u00eda de Gesti\u00f3n y Extensi\u00f3n de esta Facultad, Interno 7578 o al correo <a href=\"mailto:gesti%C3%B3n_facet@herrera.unt.edu.ar\" target=\"_blank\">gesti\u00f3n_facet@herrera.unt.edu.ar<\/a> a fin de poder citarlos a una reuni\u00f3n informativa durante la semana entrante.<\/p>\n<p style=\"text-align: justify\">Muy atentamente,<\/p>\n<h6><span style=\"font-size: x-small;font-family: times new roman,times\">&#8212;<\/span><br \/><span style=\"font-size: x-small;font-family: times new roman,times\"> Prof. Ing. Carlos Alberto Rodr\u00edguez (MSc)<\/span><br \/><span style=\"font-size: x-small;font-family: times new roman,times\"> Secretario de Gesti\u00f3n y Extensi\u00f3n<\/span><br \/><span style=\"font-size: x-small;font-family: times new roman,times\"> Facultad de Ciencias Exactas y Tecnolog\u00eda<\/span><br \/><span style=\"font-size: x-small;font-family: times new roman,times\"> Universidad Nacional de Tucum\u00e1n<\/span><\/h6>\n","protected":false},"excerpt":{"rendered":"<p>El Se\u00f1or Decano de la Facultad de Ciencias Exactas y Tecnolog\u00eda, Ing. Sergio Jos\u00e9 Pagani, invita a la comunidad universitaria \u00a0de esta unidad acad\u00e9mica a participar de la Comisi\u00f3n de la FACET destinada a conmemorar el centenario de la Universidad Nacional de Tucum\u00e1n. Para ello, deber\u00e1n comunicarse \u00a0con la Secretar\u00eda de Gesti\u00f3n y Extensi\u00f3n de [&hellip;]<\/p>\n","protected":false},"author":6,"featured_media":0,"comment_status":"closed","ping_status":"open","sticky":false,"template":"","format":"standard","meta":[],"categories":[5],"tags":[],"_links":{"self":[{"href":"https:\/\/www.facet.unt.edu.ar\/facetinforma\/wp-json\/wp\/v2\/posts\/3999"}],"collection":[{"href":"https:\/\/www.facet.unt.edu.ar\/facetinforma\/wp-json\/wp\/v2\/posts"}],"about":[{"href":"https:\/\/www.facet.unt.edu.ar\/facetinforma\/wp-json\/wp\/v2\/types\/post"}],"author":[{"embeddable":true,"href":"https:\/\/www.facet.unt.edu.ar\/facetinforma\/wp-json\/wp\/v2\/users\/6"}],"replies":[{"embeddable":true,"href":"https:\/\/www.facet.unt.edu.ar\/facetinforma\/wp-json\/wp\/v2\/comments?post=3999"}],"version-history":[{"count":0,"href":"https:\/\/www.facet.unt.edu.ar\/facetinforma\/wp-json\/wp\/v2\/posts\/3999\/revisions"}],"wp:attachment":[{"href":"https:\/\/www.facet.unt.edu.ar\/facetinforma\/wp-json\/wp\/v2\/media?parent=3999"}],"wp:term":[{"taxonomy":"category","embeddable":true,"href":"https:\/\/www.facet.unt.edu.ar\/facetinforma\/wp-json\/wp\/v2\/categories?post=3999"},{"taxonomy":"post_tag","embeddable":true,"href":"https:\/\/www.facet.unt.edu.ar\/facetinforma\/wp-json\/wp\/v2\/tags?post=3999"}],"curies":[{"name":"wp","href":"https:\/\/api.w.org\/{rel}","templated":true}]}}