{"id":4002,"date":"2013-08-02T09:51:33","date_gmt":"2013-08-02T09:51:33","guid":{"rendered":"http:\/\/www1.herrera.unt.edu.ar\/facetinforma\/?p=4002"},"modified":"2013-08-02T09:51:33","modified_gmt":"2013-08-02T09:51:33","slug":"prorroga-de-recepcion-de-trabajos-ix-jctnoa-2013","status":"publish","type":"post","link":"https:\/\/www.facet.unt.edu.ar\/facetinforma\/2013\/08\/02\/prorroga-de-recepcion-de-trabajos-ix-jctnoa-2013\/","title":{"rendered":"Pr\u00f3rroga de Recepci\u00f3n de Trabajos IX JCTNOA 2013"},"content":{"rendered":"<p style=\"text-align: center\" align=\"center\"><strong>IX JORNADAS DE CIENCIA Y TECNOLOG\u00cdA DE FACULTADES DE INGENIER\u00cdA DEL NOA<\/strong><br \/> <strong>Santiago del Estero, 3 y 4 de Octubre de 2013<\/strong><strong><\/strong><\/p>\n<p style=\"text-align: justify\">Estimados Colegas:<\/p>\n<p style=\"text-align: justify\">Debido a m\u00faltiples solicitudes, se ha prorrogado la fecha de presentaci\u00f3n de trabajos hasta el <strong>6 de Agosto<\/strong> del corriente.<\/p>\n<p style=\"text-align: justify\">Mayores informes en la p\u00e1gina web de la jornada: <a href=\"http:\/\/fce.unse.edu.ar\/jcyt\/\" target=\"_blank\">http:\/\/fce.unse.edu.ar\/jcyt\/<\/a>\u00a0<\/p>\n<p style=\"text-align: justify\">Atentamente,<\/p>\n<h6><span style=\"font-size: x-small;font-family: times new roman,times\">&#8212;<\/span><br \/><span style=\"font-size: x-small;font-family: times new roman,times\"> Msc. Ing. Mar\u00eda Teresita Pil\u00e1n<\/span><br \/><span style=\"font-size: x-small;font-family: times new roman,times\"> Secretaria de Ciencia, T\u00e9cnica y Postgrado<\/span><br \/><span style=\"font-size: x-small;font-family: times new roman,times\"> Facultad de Ciencias Exactas y Tecnolog\u00edas<\/span><br \/><span style=\"font-size: x-small;font-family: times new roman,times\"> Universidad Nacional de Santiago del Estero<\/span><\/h6>\n<div id=\"dc_vk_code\">\u00a0<\/div>\n","protected":false},"excerpt":{"rendered":"<p>IX JORNADAS DE CIENCIA Y TECNOLOG\u00cdA DE FACULTADES DE INGENIER\u00cdA DEL NOA Santiago del Estero, 3 y 4 de Octubre de 2013 Estimados Colegas: Debido a m\u00faltiples solicitudes, se ha prorrogado la fecha de presentaci\u00f3n de trabajos hasta el 6 de Agosto del corriente. Mayores informes en la p\u00e1gina web de la jornada: http:\/\/fce.unse.edu.ar\/jcyt\/\u00a0 Atentamente, [&hellip;]<\/p>\n","protected":false},"author":6,"featured_media":0,"comment_status":"closed","ping_status":"open","sticky":false,"template":"","format":"standard","meta":[],"categories":[5],"tags":[],"_links":{"self":[{"href":"https:\/\/www.facet.unt.edu.ar\/facetinforma\/wp-json\/wp\/v2\/posts\/4002"}],"collection":[{"href":"https:\/\/www.facet.unt.edu.ar\/facetinforma\/wp-json\/wp\/v2\/posts"}],"about":[{"href":"https:\/\/www.facet.unt.edu.ar\/facetinforma\/wp-json\/wp\/v2\/types\/post"}],"author":[{"embeddable":true,"href":"https:\/\/www.facet.unt.edu.ar\/facetinforma\/wp-json\/wp\/v2\/users\/6"}],"replies":[{"embeddable":true,"href":"https:\/\/www.facet.unt.edu.ar\/facetinforma\/wp-json\/wp\/v2\/comments?post=4002"}],"version-history":[{"count":0,"href":"https:\/\/www.facet.unt.edu.ar\/facetinforma\/wp-json\/wp\/v2\/posts\/4002\/revisions"}],"wp:attachment":[{"href":"https:\/\/www.facet.unt.edu.ar\/facetinforma\/wp-json\/wp\/v2\/media?parent=4002"}],"wp:term":[{"taxonomy":"category","embeddable":true,"href":"https:\/\/www.facet.unt.edu.ar\/facetinforma\/wp-json\/wp\/v2\/categories?post=4002"},{"taxonomy":"post_tag","embeddable":true,"href":"https:\/\/www.facet.unt.edu.ar\/facetinforma\/wp-json\/wp\/v2\/tags?post=4002"}],"curies":[{"name":"wp","href":"https:\/\/api.w.org\/{rel}","templated":true}]}}