{"id":4028,"date":"2013-08-06T10:00:42","date_gmt":"2013-08-06T10:00:42","guid":{"rendered":"http:\/\/www1.herrera.unt.edu.ar\/facetinforma\/?p=4028"},"modified":"2013-08-06T10:00:42","modified_gmt":"2013-08-06T10:00:42","slug":"curso-de-posgrado-fundamentos-en-iluminacion-natural-modelado-y-cuantificacion","status":"publish","type":"post","link":"https:\/\/www.facet.unt.edu.ar\/facetinforma\/2013\/08\/06\/curso-de-posgrado-fundamentos-en-iluminacion-natural-modelado-y-cuantificacion\/","title":{"rendered":"Curso de Posgrado: \u201cFundamentos en Iluminaci\u00f3n Natural. Modelado y Cuantificaci\u00f3n\u201d"},"content":{"rendered":"<p style=\"text-align: center\" align=\"center\"><strong>Fecha: <\/strong>13 al 16 de agosto de 2013, de 15 a 20 hs.<strong> &#8211; Duraci\u00f3n: <\/strong>30 hs\u00a0<\/p>\n<p style=\"text-align: justify\"><strong>Docentes: <\/strong>Dr. Mojtaba Navvab (Taubman College of Architecture- Universidad de Michigan &#8211; EEUU) y Dr. Ra\u00fal Fernando Ajmat (Facultad de Arquitectura y Urbanismo, UNT, Instituto de Investigaci\u00f3n en luz, Ambiente y Visi\u00f3n, CONICET-UNT, profesor del Doctorado en Medio Ambiente Visual e Iluminaci\u00f3n Eficiente).<\/p>\n<p style=\"text-align: justify\"><strong>Lugar donde se dictar\u00e1: <\/strong>Departamento de Luminotecnia, Luz y Visi\u00f3n \u201cIng. Herberto C. B\u00fchler\u201d \u2013 FACET \u2013 UNT. Av. Independencia 1800.<\/p>\n<p style=\"text-align: justify\"><strong>Fundamentos: <\/strong>El conocimiento del comportamiento f\u00edsico de la luz natural permite el manejo acertado y eficiente de las herramientas inform\u00e1ticas de las que se dispone hoy en d\u00eda. El criterio de selecci\u00f3n de las mencionadas herramientas, que pueden ser utilizadas por los doctorandos, requiere de un an\u00e1lisis cr\u00edtico de sus potencialidades y limitaciones. Las exigencias actuales respecto de la eficiencia energ\u00e9tica en edificios\u00a0 requieren de evaluaciones din\u00e1micas en ciclos completos y de una visi\u00f3n integral de los distintos factores que intervienen en los mismos.<\/p>\n<p style=\"text-align: justify\"><strong>Programa:\u00a0<\/strong>Fundamentos f\u00edsicos de la iluminaci\u00f3n natural.\u00a0 Identificaci\u00f3n de Clima luminoso regional y local.\u00a0 Tipos de cielo. Patrones de distribuci\u00f3n de luminancias.\u00a0 Par\u00e1metros de la Modelizaci\u00f3n de precisi\u00f3n (lum\u00ednica y t\u00e9rmica). Cuantificaci\u00f3n de magnitudes en Iluminaci\u00f3n Natural.\u00a0 \u00cdndices de evaluaci\u00f3n anualizados.<\/p>\n<p style=\"text-align: justify\"><strong>Informes e inscripci\u00f3n: DOCTORADO EN MEDIO AMBIENTE VISUAL E ILUMINACI\u00d3N EFICIENTE<\/strong><br \/>Departamento de Luminotecnia, Luz y Visi\u00f3n &#8220;Ing. Herberto C. B\u00fchler&#8221; &#8211; Facultad de Ciencias Exactas y Tecnolog\u00eda \u2013 UNT.<br \/> Avda. Independencia 1800 &#8211; T4002BLR \u2013 Tucum\u00e1n &#8211;\u00a0 Argentina &#8211; Tel.: +54 381- 4364093 Int. 7715\/7785 \u2013 Tel\/Fax: 4361936 <br \/> <a href=\"mailto:ilum@herrera.unt.edu.ar\" target=\"_blank\">ilum@herrera.unt.edu.ar\u00a0 <\/a>\/ \u00a0<a href=\"http:\/\/www1.herrera.unt.edu.ar\/faceyt\/dllyv\" target=\"_blank\">www1.herrera.unt.edu.ar\/faceyt\/dllyv<\/a><\/p>\n","protected":false},"excerpt":{"rendered":"<p>Fecha: 13 al 16 de agosto de 2013, de 15 a 20 hs. &#8211; Duraci\u00f3n: 30 hs\u00a0 Docentes: Dr. Mojtaba Navvab (Taubman College of Architecture- Universidad de Michigan &#8211; EEUU) y Dr. Ra\u00fal Fernando Ajmat (Facultad de Arquitectura y Urbanismo, UNT, Instituto de Investigaci\u00f3n en luz, Ambiente y Visi\u00f3n, CONICET-UNT, profesor del Doctorado en Medio [&hellip;]<\/p>\n","protected":false},"author":6,"featured_media":0,"comment_status":"closed","ping_status":"open","sticky":false,"template":"","format":"standard","meta":[],"categories":[5,4],"tags":[],"_links":{"self":[{"href":"https:\/\/www.facet.unt.edu.ar\/facetinforma\/wp-json\/wp\/v2\/posts\/4028"}],"collection":[{"href":"https:\/\/www.facet.unt.edu.ar\/facetinforma\/wp-json\/wp\/v2\/posts"}],"about":[{"href":"https:\/\/www.facet.unt.edu.ar\/facetinforma\/wp-json\/wp\/v2\/types\/post"}],"author":[{"embeddable":true,"href":"https:\/\/www.facet.unt.edu.ar\/facetinforma\/wp-json\/wp\/v2\/users\/6"}],"replies":[{"embeddable":true,"href":"https:\/\/www.facet.unt.edu.ar\/facetinforma\/wp-json\/wp\/v2\/comments?post=4028"}],"version-history":[{"count":0,"href":"https:\/\/www.facet.unt.edu.ar\/facetinforma\/wp-json\/wp\/v2\/posts\/4028\/revisions"}],"wp:attachment":[{"href":"https:\/\/www.facet.unt.edu.ar\/facetinforma\/wp-json\/wp\/v2\/media?parent=4028"}],"wp:term":[{"taxonomy":"category","embeddable":true,"href":"https:\/\/www.facet.unt.edu.ar\/facetinforma\/wp-json\/wp\/v2\/categories?post=4028"},{"taxonomy":"post_tag","embeddable":true,"href":"https:\/\/www.facet.unt.edu.ar\/facetinforma\/wp-json\/wp\/v2\/tags?post=4028"}],"curies":[{"name":"wp","href":"https:\/\/api.w.org\/{rel}","templated":true}]}}