{"id":4070,"date":"2013-08-09T13:00:19","date_gmt":"2013-08-09T13:00:19","guid":{"rendered":"http:\/\/www1.herrera.unt.edu.ar\/facetinforma\/?p=4070"},"modified":"2013-08-09T13:00:19","modified_gmt":"2013-08-09T13:00:19","slug":"seminario-riesgo-sismico-en-la-provincia-de-tucuman","status":"publish","type":"post","link":"https:\/\/www.facet.unt.edu.ar\/facetinforma\/2013\/08\/09\/seminario-riesgo-sismico-en-la-provincia-de-tucuman\/","title":{"rendered":"Seminario: Riesgo S\u00edsmico en la Provincia de Tucum\u00e1n"},"content":{"rendered":"<p style=\"text-align: justify\">Organizado por Defensa Civil de la Municipalidad de la Ciudad de San Miguel de Tucum\u00e1n y con el Auspicio del Consejo Profesional de la Ingenier\u00eda de Tucum\u00e1n y de la Secretar\u00eda de Extensi\u00f3n de la Facultad de Ciencias Exactas y Tecnolog\u00eda de la Universidad Nacional de Tucum\u00e1n, el d\u00eda Mi\u00e9rcoles 14 de Agosto, a horas 9:00, en el Centro Cultural Mercedes Sosa, sito en Avenida Roca Nro. 2 de esta ciudad, \u00a0se llevar\u00e1 a cabo, la conferencia titulada <strong>Riesgo S\u00edsmico en la Provincia de Tucum\u00e1n<\/strong>, la cual estar\u00e1 a cargo del Prof. Ing. Carlos Alberto Rodr\u00edguez, perteneciente al Instituto de Estructuras \u201cIng. Arturo M. Guzm\u00e1n\u201d FACET \u2013 UNT.<\/p>\n<p style=\"text-align: justify\">Durante la misma, el Ing. Rodr\u00edguez se referir\u00e1 a conceptos de sismolog\u00eda, ingenier\u00eda sismorresistente, riesgo\u00a0 y prevenci\u00f3n s\u00edsmica contextualizando los mismos dentro del marco de nuestra provincia.<\/p>\n<p style=\"text-align: justify\">La ponencia tiene como prop\u00f3sito concientizar sobre el Riesgo S\u00edsmico en la Provincia de Tucum\u00e1n y est\u00e1 destinada para profesionales, funcionarios p\u00fablicos, alumnos y p\u00fablico en general.<\/p>\n<p style=\"text-align: justify\">La entrada es libre y gratuita.<\/p>\n<p style=\"text-align: center\"><a href=\"https:\/\/www.facet.unt.edu.ar\/facetinforma\/wp-content\/uploads\/sites\/9\/2013\/08\/Seminario-RIESGO-SISMICO4.png\" target=\"_blank\"><img decoding=\"async\" loading=\"lazy\" class=\"aligncenter size-medium wp-image-4083\" title=\"RIESGO S\u00cdSMICO EN LA PROVINCIA DE TUCUM\u00c1N\" src=\"https:\/\/www.facet.unt.edu.ar\/facetinforma\/wp-content\/uploads\/sites\/9\/2013\/08\/Seminario-RIESGO-SISMICO4-212x300.png\" alt=\"\" width=\"212\" height=\"300\" srcset=\"https:\/\/www.facet.unt.edu.ar\/facetinforma\/wp-content\/uploads\/sites\/9\/2013\/08\/Seminario-RIESGO-SISMICO4-212x300.png 212w, https:\/\/www.facet.unt.edu.ar\/facetinforma\/wp-content\/uploads\/sites\/9\/2013\/08\/Seminario-RIESGO-SISMICO4.png 590w\" sizes=\"(max-width: 212px) 100vw, 212px\" \/><\/a><\/p>\n<p>&nbsp;<\/p>\n","protected":false},"excerpt":{"rendered":"<p>Organizado por Defensa Civil de la Municipalidad de la Ciudad de San Miguel de Tucum\u00e1n y con el Auspicio del Consejo Profesional de la Ingenier\u00eda de Tucum\u00e1n y de la Secretar\u00eda de Extensi\u00f3n de la Facultad de Ciencias Exactas y Tecnolog\u00eda de la Universidad Nacional de Tucum\u00e1n, el d\u00eda Mi\u00e9rcoles 14 de Agosto, a horas [&hellip;]<\/p>\n","protected":false},"author":6,"featured_media":0,"comment_status":"closed","ping_status":"open","sticky":false,"template":"","format":"standard","meta":[],"categories":[5],"tags":[],"_links":{"self":[{"href":"https:\/\/www.facet.unt.edu.ar\/facetinforma\/wp-json\/wp\/v2\/posts\/4070"}],"collection":[{"href":"https:\/\/www.facet.unt.edu.ar\/facetinforma\/wp-json\/wp\/v2\/posts"}],"about":[{"href":"https:\/\/www.facet.unt.edu.ar\/facetinforma\/wp-json\/wp\/v2\/types\/post"}],"author":[{"embeddable":true,"href":"https:\/\/www.facet.unt.edu.ar\/facetinforma\/wp-json\/wp\/v2\/users\/6"}],"replies":[{"embeddable":true,"href":"https:\/\/www.facet.unt.edu.ar\/facetinforma\/wp-json\/wp\/v2\/comments?post=4070"}],"version-history":[{"count":0,"href":"https:\/\/www.facet.unt.edu.ar\/facetinforma\/wp-json\/wp\/v2\/posts\/4070\/revisions"}],"wp:attachment":[{"href":"https:\/\/www.facet.unt.edu.ar\/facetinforma\/wp-json\/wp\/v2\/media?parent=4070"}],"wp:term":[{"taxonomy":"category","embeddable":true,"href":"https:\/\/www.facet.unt.edu.ar\/facetinforma\/wp-json\/wp\/v2\/categories?post=4070"},{"taxonomy":"post_tag","embeddable":true,"href":"https:\/\/www.facet.unt.edu.ar\/facetinforma\/wp-json\/wp\/v2\/tags?post=4070"}],"curies":[{"name":"wp","href":"https:\/\/api.w.org\/{rel}","templated":true}]}}