{"id":4089,"date":"2013-08-12T09:53:01","date_gmt":"2013-08-12T09:53:01","guid":{"rendered":"http:\/\/www1.herrera.unt.edu.ar\/facetinforma\/?p=4089"},"modified":"2013-08-12T09:53:01","modified_gmt":"2013-08-12T09:53:01","slug":"convocatoria-premio-mexico-de-ciencia-y-tecnologia","status":"publish","type":"post","link":"https:\/\/www.facet.unt.edu.ar\/facetinforma\/2013\/08\/12\/convocatoria-premio-mexico-de-ciencia-y-tecnologia\/","title":{"rendered":"Convocatoria Premio M\u00e9xico de Ciencia y Tecnolog\u00eda"},"content":{"rendered":"<p style=\"text-align: justify\">El Ministerio de Relaciones Exteriores y Culto \u2013 Direcci\u00f3n de Organizaciones Intermedias &#8211; \u00a0tiene el agrado de difundir, informaci\u00f3n recibida de la Embajada de la Rep\u00fablica Argentina en M\u00e9xico, sobre la apertura de la convocatoria para postular candidatos para el Premio M\u00e9xico de Ciencia y Tecnolog\u00eda.<\/p>\n<p>Para m\u00e1s informaci\u00f3n, ver archivo adjunto: &#8211; <a href=\"https:\/\/www.facet.unt.edu.ar\/facetinforma\/wp-content\/uploads\/sites\/9\/2013\/08\/M\u00e9xico-Premio.pdf\" target=\"_blank\">M\u00e9xico Premio.pdf<\/a><\/p>\n<div id=\"dc_vk_code\">\u00a0<\/div>\n","protected":false},"excerpt":{"rendered":"<p>El Ministerio de Relaciones Exteriores y Culto \u2013 Direcci\u00f3n de Organizaciones Intermedias &#8211; \u00a0tiene el agrado de difundir, informaci\u00f3n recibida de la Embajada de la Rep\u00fablica Argentina en M\u00e9xico, sobre la apertura de la convocatoria para postular candidatos para el Premio M\u00e9xico de Ciencia y Tecnolog\u00eda. Para m\u00e1s informaci\u00f3n, ver archivo adjunto: &#8211; M\u00e9xico Premio.pdf [&hellip;]<\/p>\n","protected":false},"author":6,"featured_media":0,"comment_status":"closed","ping_status":"open","sticky":false,"template":"","format":"standard","meta":[],"categories":[5],"tags":[],"_links":{"self":[{"href":"https:\/\/www.facet.unt.edu.ar\/facetinforma\/wp-json\/wp\/v2\/posts\/4089"}],"collection":[{"href":"https:\/\/www.facet.unt.edu.ar\/facetinforma\/wp-json\/wp\/v2\/posts"}],"about":[{"href":"https:\/\/www.facet.unt.edu.ar\/facetinforma\/wp-json\/wp\/v2\/types\/post"}],"author":[{"embeddable":true,"href":"https:\/\/www.facet.unt.edu.ar\/facetinforma\/wp-json\/wp\/v2\/users\/6"}],"replies":[{"embeddable":true,"href":"https:\/\/www.facet.unt.edu.ar\/facetinforma\/wp-json\/wp\/v2\/comments?post=4089"}],"version-history":[{"count":0,"href":"https:\/\/www.facet.unt.edu.ar\/facetinforma\/wp-json\/wp\/v2\/posts\/4089\/revisions"}],"wp:attachment":[{"href":"https:\/\/www.facet.unt.edu.ar\/facetinforma\/wp-json\/wp\/v2\/media?parent=4089"}],"wp:term":[{"taxonomy":"category","embeddable":true,"href":"https:\/\/www.facet.unt.edu.ar\/facetinforma\/wp-json\/wp\/v2\/categories?post=4089"},{"taxonomy":"post_tag","embeddable":true,"href":"https:\/\/www.facet.unt.edu.ar\/facetinforma\/wp-json\/wp\/v2\/tags?post=4089"}],"curies":[{"name":"wp","href":"https:\/\/api.w.org\/{rel}","templated":true}]}}