{"id":4185,"date":"2013-08-21T17:20:35","date_gmt":"2013-08-21T17:20:35","guid":{"rendered":"http:\/\/www1.herrera.unt.edu.ar\/facetinforma\/?p=4185"},"modified":"2013-08-21T17:20:35","modified_gmt":"2013-08-21T17:20:35","slug":"vii-conferencia-internacional-de-matematica-y-diseno-md-2013","status":"publish","type":"post","link":"https:\/\/www.facet.unt.edu.ar\/facetinforma\/2013\/08\/21\/vii-conferencia-internacional-de-matematica-y-diseno-md-2013\/","title":{"rendered":"VII Conferencia Internacional de Matem\u00e1tica y Dise\u00f1o: M&amp;D-2013"},"content":{"rendered":"<p style=\"text-align: justify\">La Facultad de Arquitectura y Urbanismo de la UNT a trav\u00e9s de la Secretar\u00eda de Extensi\u00f3n invita a cient\u00edficos,\u00a0arquitectos,\u00a0dise\u00f1adores de diferentes \u00e1reas, estudiantes de arquitectura, carreras afines y p\u00fablico en general a la VII Conferencia Internacional de Matem\u00e1tica y Dise\u00f1o, que se realizar\u00e1 los d\u00edas 2, 3, 4, 5 y 6 de Septiembre de 2013 en el Aula Magna de la Facultad de Arquitectura. (Av. N\u00e9stor Kirchner 1800).\u00a0<\/p>\n<p style=\"text-align: justify\">El acto de inauguraci\u00f3n se llevar\u00e1 a cabo el d\u00eda 2 de Septiembre de 2013 a horas 9:00.<\/p>\n<p style=\"text-align: justify\">La VII Conferencia Internacional de Matem\u00e1tica y Dise\u00f1o contar\u00e1 con la presencia de prestigiosos y reconocidos \u00a0disertantes, de nivel nacional e internacional, interesados en profundizar sus conocimientos, compartir sus experiencias y lograr una verdadera interacci\u00f3n entre Matem\u00e1tica, Arte, Dise\u00f1o y profesionales de diferentes \u00e1reas. Se presentar\u00e1 una gran variedad de temas en cada una de las exposiciones.\u00a0<\/p>\n<p style=\"text-align: justify\">Lejos de ser una disciplina abstracta y oscura, la matem\u00e1tica y sus leyes est\u00e1n presentes en\u00a0 la arquitectura, el dise\u00f1o y en el arte.\u00a0<\/p>\n<p style=\"text-align: justify\">&#8220;Las matem\u00e1ticas han sido una de las herramientas m\u00e1s utilizadas en la realizaci\u00f3n de muchas obras de arte. En la actualidad, contamos con una masa tecnol\u00f3gica impresionante, capaz de introducir una enorme cantidad de ideas en la innovaci\u00f3n art\u00edstica, por lo que \u00e9ste, se convierte en el momento id\u00f3neo para acentuar el tema de la visualizaci\u00f3n en la ense\u00f1anza de la matem\u00e1tica&#8221;, Vera W. de Spinaldel.<\/p>\n<p style=\"text-align: justify\">Para m\u00e1s informaci\u00f3n de la conferencia, ver archivo adjunto: &#8211; <a href=\"https:\/\/www.facet.unt.edu.ar\/facetinforma\/wp-content\/uploads\/sites\/9\/2013\/08\/VII-CONFERENCIA-INTERNACIONAL.pdf\" target=\"_blank\">VII Conferencia Internacional M&amp;D.pdf<\/a><\/p>\n<div id=\"dc_vk_code\">\u00a0<\/div>\n","protected":false},"excerpt":{"rendered":"<p>La Facultad de Arquitectura y Urbanismo de la UNT a trav\u00e9s de la Secretar\u00eda de Extensi\u00f3n invita a cient\u00edficos,\u00a0arquitectos,\u00a0dise\u00f1adores de diferentes \u00e1reas, estudiantes de arquitectura, carreras afines y p\u00fablico en general a la VII Conferencia Internacional de Matem\u00e1tica y Dise\u00f1o, que se realizar\u00e1 los d\u00edas 2, 3, 4, 5 y 6 de Septiembre de 2013 [&hellip;]<\/p>\n","protected":false},"author":6,"featured_media":0,"comment_status":"closed","ping_status":"open","sticky":false,"template":"","format":"standard","meta":[],"categories":[5],"tags":[],"_links":{"self":[{"href":"https:\/\/www.facet.unt.edu.ar\/facetinforma\/wp-json\/wp\/v2\/posts\/4185"}],"collection":[{"href":"https:\/\/www.facet.unt.edu.ar\/facetinforma\/wp-json\/wp\/v2\/posts"}],"about":[{"href":"https:\/\/www.facet.unt.edu.ar\/facetinforma\/wp-json\/wp\/v2\/types\/post"}],"author":[{"embeddable":true,"href":"https:\/\/www.facet.unt.edu.ar\/facetinforma\/wp-json\/wp\/v2\/users\/6"}],"replies":[{"embeddable":true,"href":"https:\/\/www.facet.unt.edu.ar\/facetinforma\/wp-json\/wp\/v2\/comments?post=4185"}],"version-history":[{"count":0,"href":"https:\/\/www.facet.unt.edu.ar\/facetinforma\/wp-json\/wp\/v2\/posts\/4185\/revisions"}],"wp:attachment":[{"href":"https:\/\/www.facet.unt.edu.ar\/facetinforma\/wp-json\/wp\/v2\/media?parent=4185"}],"wp:term":[{"taxonomy":"category","embeddable":true,"href":"https:\/\/www.facet.unt.edu.ar\/facetinforma\/wp-json\/wp\/v2\/categories?post=4185"},{"taxonomy":"post_tag","embeddable":true,"href":"https:\/\/www.facet.unt.edu.ar\/facetinforma\/wp-json\/wp\/v2\/tags?post=4185"}],"curies":[{"name":"wp","href":"https:\/\/api.w.org\/{rel}","templated":true}]}}