{"id":4191,"date":"2013-08-22T11:55:27","date_gmt":"2013-08-22T11:55:27","guid":{"rendered":"http:\/\/www1.herrera.unt.edu.ar\/facetinforma\/?p=4191"},"modified":"2013-08-22T11:55:27","modified_gmt":"2013-08-22T11:55:27","slug":"concierto-orquesta-juvenil-de-la-unt","status":"publish","type":"post","link":"https:\/\/www.facet.unt.edu.ar\/facetinforma\/2013\/08\/22\/concierto-orquesta-juvenil-de-la-unt\/","title":{"rendered":"Concierto Orquesta Juvenil de la UNT"},"content":{"rendered":"<p style=\"text-align: justify\">Organizado por la Secretar\u00eda de Gesti\u00f3n y Extensi\u00f3n de la FACET y con el apoyo de las Facultades de Arquitectura y Urbanismo; Agronom\u00eda y Zootecnia; Bioqu\u00edmica, Qu\u00edmica y Farmacia; Ciencias Econ\u00f3micas y la Secretar\u00eda de Extensi\u00f3n Universitaria de la U.N.T. el pr\u00f3ximo d\u00eda Jueves 29 del corriente a horas 12:00 en el hall principal del Block 2 (Investigaci\u00f3n) de esta Facultad, la Orquesta Juvenil de la Universidad Nacional de Tucum\u00e1n, bajo la direcci\u00f3n del maestro Gustavo Guersman, realizar\u00e1 una presentaci\u00f3n dando continuidad al Ciclo de Conciertos en el Centro Herrera.<\/p>\n<p style=\"text-align: justify\">En particular, en esta segunda edici\u00f3n del Ciclo intitulado &#8220;Anticip\u00e1ndonos a la Primavera&#8221;, la Orquesta Juvenil, nos ha de deleitar con grandes obras de la m\u00fasica cl\u00e1sica y contempor\u00e1nea, dentro del marco\u00a0de las actividades de celebraci\u00f3n del Centenario de la Universidad Nacional de Tucum\u00e1n.<\/p>\n<p style=\"text-align: justify\">Cabe destacar que la Orquesta Juvenil de la UNT, posee una rica y extensa trayectoria, pues desde el a\u00f1o 1985, conforma un espacio virtuoso para la formaci\u00f3n y perfeccionamiento de j\u00f3venes que han alcanzado niveles de excelencia en diversas Orquestas Sinf\u00f3nicas del pa\u00eds y del exterior.<\/p>\n<p style=\"text-align: justify\">Esta relevante actividad cultural a desarrollarse en la FACET, cuenta con el auspicio del Consejo Profesional de la Ingenier\u00eda de Tucum\u00e1n y el Colegio de Ingenieros Civiles de Tucum\u00e1n, siendo su entrada libre y gratuita.<\/p>\n<p style=\"text-align: center\"><a href=\"https:\/\/www.facet.unt.edu.ar\/facetinforma\/wp-content\/uploads\/sites\/9\/2013\/08\/AFICHE-CONCIERTO-FINAL-100-A\u00d1OS-UNT.jpg\" target=\"_blank\"><img decoding=\"async\" loading=\"lazy\" class=\"aligncenter size-medium wp-image-4192\" title=\"AFICHE CONCIERTO \" src=\"https:\/\/www.facet.unt.edu.ar\/facetinforma\/wp-content\/uploads\/sites\/9\/2013\/08\/AFICHE-CONCIERTO-FINAL-100-A\u00d1OS-UNT-300x212.jpg\" alt=\"\" width=\"300\" height=\"212\" srcset=\"https:\/\/www.facet.unt.edu.ar\/facetinforma\/wp-content\/uploads\/sites\/9\/2013\/08\/AFICHE-CONCIERTO-FINAL-100-A\u00d1OS-UNT-300x212.jpg 300w, https:\/\/www.facet.unt.edu.ar\/facetinforma\/wp-content\/uploads\/sites\/9\/2013\/08\/AFICHE-CONCIERTO-FINAL-100-A\u00d1OS-UNT-1024x724.jpg 1024w, https:\/\/www.facet.unt.edu.ar\/facetinforma\/wp-content\/uploads\/sites\/9\/2013\/08\/AFICHE-CONCIERTO-FINAL-100-A\u00d1OS-UNT.jpg 1440w\" sizes=\"(max-width: 300px) 100vw, 300px\" \/><\/a><\/p>\n<p style=\"text-align: justify\">Esperando contar con vuestra valiosa presencia, les saludo con distinguida consideraci\u00f3n,<\/p>\n<h6><span style=\"font-size: x-small;font-family: times new roman,times\"> Prof. Ing. Carlos Alberto Rodr\u00edguez (MSc)<\/span><br \/><span style=\"font-size: x-small;font-family: times new roman,times\"> Secretario de Gesti\u00f3n y Extensi\u00f3n<\/span><br \/><span style=\"font-size: x-small;font-family: times new roman,times\"> Facultad de Ciencias Exactas y Tecnolog\u00eda<\/span><br \/><span style=\"font-size: x-small;font-family: times new roman,times\"> Universidad Nacional de Tucum\u00e1n<\/span><\/h6>\n","protected":false},"excerpt":{"rendered":"<p>Organizado por la Secretar\u00eda de Gesti\u00f3n y Extensi\u00f3n de la FACET y con el apoyo de las Facultades de Arquitectura y Urbanismo; Agronom\u00eda y Zootecnia; Bioqu\u00edmica, Qu\u00edmica y Farmacia; Ciencias Econ\u00f3micas y la Secretar\u00eda de Extensi\u00f3n Universitaria de la U.N.T. el pr\u00f3ximo d\u00eda Jueves 29 del corriente a horas 12:00 en el hall principal del [&hellip;]<\/p>\n","protected":false},"author":6,"featured_media":0,"comment_status":"closed","ping_status":"open","sticky":false,"template":"","format":"standard","meta":[],"categories":[5],"tags":[],"_links":{"self":[{"href":"https:\/\/www.facet.unt.edu.ar\/facetinforma\/wp-json\/wp\/v2\/posts\/4191"}],"collection":[{"href":"https:\/\/www.facet.unt.edu.ar\/facetinforma\/wp-json\/wp\/v2\/posts"}],"about":[{"href":"https:\/\/www.facet.unt.edu.ar\/facetinforma\/wp-json\/wp\/v2\/types\/post"}],"author":[{"embeddable":true,"href":"https:\/\/www.facet.unt.edu.ar\/facetinforma\/wp-json\/wp\/v2\/users\/6"}],"replies":[{"embeddable":true,"href":"https:\/\/www.facet.unt.edu.ar\/facetinforma\/wp-json\/wp\/v2\/comments?post=4191"}],"version-history":[{"count":0,"href":"https:\/\/www.facet.unt.edu.ar\/facetinforma\/wp-json\/wp\/v2\/posts\/4191\/revisions"}],"wp:attachment":[{"href":"https:\/\/www.facet.unt.edu.ar\/facetinforma\/wp-json\/wp\/v2\/media?parent=4191"}],"wp:term":[{"taxonomy":"category","embeddable":true,"href":"https:\/\/www.facet.unt.edu.ar\/facetinforma\/wp-json\/wp\/v2\/categories?post=4191"},{"taxonomy":"post_tag","embeddable":true,"href":"https:\/\/www.facet.unt.edu.ar\/facetinforma\/wp-json\/wp\/v2\/tags?post=4191"}],"curies":[{"name":"wp","href":"https:\/\/api.w.org\/{rel}","templated":true}]}}