{"id":4239,"date":"2013-08-30T09:47:20","date_gmt":"2013-08-30T09:47:20","guid":{"rendered":"http:\/\/www1.herrera.unt.edu.ar\/facetinforma\/?p=4239"},"modified":"2013-08-30T09:47:20","modified_gmt":"2013-08-30T09:47:20","slug":"curso-modulo-i-microsoft-word-2007","status":"publish","type":"post","link":"https:\/\/www.facet.unt.edu.ar\/facetinforma\/2013\/08\/30\/curso-modulo-i-microsoft-word-2007\/","title":{"rendered":"Curso \u201cM\u00f3dulo I: Microsoft Word 2007\u201d"},"content":{"rendered":"<p style=\"text-align: justify\">La Secretar\u00eda Administrativa de la FACET\u00a0informa\u00a0que los d\u00edas 06, 08\u00a0y 13 del corriente mes \u00a0se dict\u00f3 en la Biblioteca Central el curso M\u00f3dulo I:\u00a0Microsoft Word 2007. El mismo es\u00a0parte de una\u00a0\u00a0actualizaci\u00f3n de herramientas inform\u00e1ticas dispuesto por esta Secretar\u00eda a instancia de la\u00a0Direcci\u00f3n\u00a0de la Biblioteca de la FACET, a cuyo cargo estuvo la\u00a0organizaci\u00f3n\u00a0del mismo y de los pr\u00f3ximos cursos que se desarrollar\u00e1n.<\/p>\n<p style=\"text-align: justify\">El curso fue dictado por el PU \u00c1lvaro G\u00f3mez Cardozo en el horario de 13:00 a 14:30 horas y si bien, originalmente se plante\u00f3 como destinado a personal de Biblioteca, se ampli\u00f3 el mismo participando personal de la Delegaci\u00f3n Administrativa y de Secci\u00f3n Alumnos.\u00a0<\/p>\n<p style=\"text-align: justify\">El curso cont\u00f3 con un pr\u00e1ctico final evaluativo para poder obtener el certificado correspondiente y adem\u00e1s forma parte\u00a0del programa de capacitaci\u00f3n del Sistema de Gesti\u00f3n de\u00a0 Calidad que lleva adelante la Facultad.\u00a0\u00a0 <!--more--><\/p>\n<p style=\"text-align: justify\">Se agradece a la Directora\u00a0de la Biblioteca de la FACET Mar\u00eda Mercedes Piccardi, al PU \u00c1lvaro G\u00f3mez Cardoso \u00a0y a los participantes en el mismo su\u00a0inter\u00e9s, dedicaci\u00f3n y\u00a0participaci\u00f3n en dicho curso tanto como\u00a0superaci\u00f3n personal, como parte de la\u00a0Pol\u00edtica\u00a0de Calidad de la FACET en lo relativo a Capacitaci\u00f3n y Mejora Continua.<\/p>\n<p>Los participantes fueron:<\/p>\n<table style=\"width: 553px;height: 308px\" border=\"0\" cellspacing=\"0\" cellpadding=\"0\">\n<tbody>\n<tr>\n<td valign=\"top\" width=\"320\">\n<p align=\"center\"><strong>NOMBRE<\/strong><\/p>\n<\/td>\n<td valign=\"top\" width=\"227\">\n<p align=\"center\"><strong>OFICINA<\/strong><\/p>\n<\/td>\n<\/tr>\n<tr>\n<td width=\"320\">\n<p>Acevedo D\u00edaz, Elio Nicol\u00e1s<\/p>\n<\/td>\n<td width=\"227\">\n<p align=\"center\">Biblioteca<\/p>\n<\/td>\n<\/tr>\n<tr>\n<td width=\"320\">\n<p>Arroyo, Alicia<\/p>\n<\/td>\n<td width=\"227\">\n<p align=\"center\">Biblioteca<\/p>\n<\/td>\n<\/tr>\n<tr>\n<td width=\"320\">\n<p>Avila, Carla<\/p>\n<\/td>\n<td width=\"227\">\n<p align=\"center\">Biblioteca<\/p>\n<\/td>\n<\/tr>\n<tr>\n<td width=\"320\">\n<p>Brizuela, Adriana<\/p>\n<\/td>\n<td width=\"227\">\n<p align=\"center\">Biblioteca<\/p>\n<\/td>\n<\/tr>\n<tr>\n<td width=\"320\">\n<p>Bustos, Norma Alejandra<\/p>\n<\/td>\n<td width=\"227\">\n<p align=\"center\">Biblioteca<\/p>\n<\/td>\n<\/tr>\n<tr>\n<td width=\"320\">\n<p>Chazarreta, Silvina del valle<\/p>\n<\/td>\n<td width=\"227\">\n<p align=\"center\">Tesorer\u00eda<\/p>\n<\/td>\n<\/tr>\n<tr>\n<td width=\"320\">\n<p>Curubeto Monteros, Vanesa<\/p>\n<\/td>\n<td width=\"227\">\n<p align=\"center\">Biblioteca<\/p>\n<\/td>\n<\/tr>\n<tr>\n<td width=\"320\">\n<p>Dominelti, Ana Valeria<\/p>\n<\/td>\n<td width=\"227\">\n<p align=\"center\">Personal<\/p>\n<\/td>\n<\/tr>\n<tr>\n<td width=\"320\">\n<p>Estrada, Fernanda Beatriz<\/p>\n<\/td>\n<td width=\"227\">\n<p align=\"center\">Tesorer\u00eda<\/p>\n<\/td>\n<\/tr>\n<tr>\n<td width=\"320\">\n<p>Farias Muza, Patricia<\/p>\n<\/td>\n<td width=\"227\">\n<p align=\"center\">Biblioteca<\/p>\n<\/td>\n<\/tr>\n<tr>\n<td width=\"320\">\n<p>Mansilla, Elena Beatriz<\/p>\n<\/td>\n<td width=\"227\">\n<p align=\"center\">Personal<\/p>\n<\/td>\n<\/tr>\n<tr>\n<td width=\"320\">\n<p>Ovalle, Natalia Vanesa<\/p>\n<\/td>\n<td width=\"227\">\n<p align=\"center\">Personal<\/p>\n<\/td>\n<\/tr>\n<tr>\n<td width=\"320\">\n<p>Peralta, Ver\u00f3nica del Valle<\/p>\n<\/td>\n<td width=\"227\">\n<p align=\"center\">Alumnos<\/p>\n<\/td>\n<\/tr>\n<tr>\n<td width=\"320\">\n<p>Piccardi de Coria, Mar\u00eda Mercedes<\/p>\n<\/td>\n<td width=\"227\">\n<p align=\"center\">Biblioteca<\/p>\n<\/td>\n<\/tr>\n<tr>\n<td width=\"320\">\n<p>R\u00edos, Marta Elena<\/p>\n<\/td>\n<td width=\"227\">\n<p align=\"center\">Biblioteca<\/p>\n<\/td>\n<\/tr>\n<tr>\n<td width=\"320\">\n<p>Serrano, Anal\u00eda<\/p>\n<\/td>\n<td width=\"227\">\n<p align=\"center\">Personal<\/p>\n<\/td>\n<\/tr>\n<tr>\n<td width=\"320\">\n<p>Ysaya, Mar\u00eda de las Mercedes<\/p>\n<\/td>\n<td width=\"227\">\n<p align=\"center\">Presupuesto<\/p>\n<\/td>\n<\/tr>\n<\/tbody>\n<\/table>\n<p>Muy atentamente,<\/p>\n<h6><span style=\"font-size: x-small;font-family: times new roman,times\">&#8212;<\/span><br \/><span style=\"font-size: x-small;font-family: times new roman,times\"> Prof. Ing. Leandro Ra\u00fal Diaz<\/span><br \/><span style=\"font-size: x-small;font-family: times new roman,times\"> Secretario Administrativo<\/span><br \/><span style=\"font-size: x-small;font-family: times new roman,times\"> FACET-UNT<\/span><\/h6>\n<div id=\"dc_vk_code\">\u00a0<\/div>\n","protected":false},"excerpt":{"rendered":"<p>La Secretar\u00eda Administrativa de la FACET\u00a0informa\u00a0que los d\u00edas 06, 08\u00a0y 13 del corriente mes \u00a0se dict\u00f3 en la Biblioteca Central el curso M\u00f3dulo I:\u00a0Microsoft Word 2007. El mismo es\u00a0parte de una\u00a0\u00a0actualizaci\u00f3n de herramientas inform\u00e1ticas dispuesto por esta Secretar\u00eda a instancia de la\u00a0Direcci\u00f3n\u00a0de la Biblioteca de la FACET, a cuyo cargo estuvo la\u00a0organizaci\u00f3n\u00a0del mismo y de [&hellip;]<\/p>\n","protected":false},"author":6,"featured_media":0,"comment_status":"closed","ping_status":"open","sticky":false,"template":"","format":"standard","meta":[],"categories":[5],"tags":[],"_links":{"self":[{"href":"https:\/\/www.facet.unt.edu.ar\/facetinforma\/wp-json\/wp\/v2\/posts\/4239"}],"collection":[{"href":"https:\/\/www.facet.unt.edu.ar\/facetinforma\/wp-json\/wp\/v2\/posts"}],"about":[{"href":"https:\/\/www.facet.unt.edu.ar\/facetinforma\/wp-json\/wp\/v2\/types\/post"}],"author":[{"embeddable":true,"href":"https:\/\/www.facet.unt.edu.ar\/facetinforma\/wp-json\/wp\/v2\/users\/6"}],"replies":[{"embeddable":true,"href":"https:\/\/www.facet.unt.edu.ar\/facetinforma\/wp-json\/wp\/v2\/comments?post=4239"}],"version-history":[{"count":0,"href":"https:\/\/www.facet.unt.edu.ar\/facetinforma\/wp-json\/wp\/v2\/posts\/4239\/revisions"}],"wp:attachment":[{"href":"https:\/\/www.facet.unt.edu.ar\/facetinforma\/wp-json\/wp\/v2\/media?parent=4239"}],"wp:term":[{"taxonomy":"category","embeddable":true,"href":"https:\/\/www.facet.unt.edu.ar\/facetinforma\/wp-json\/wp\/v2\/categories?post=4239"},{"taxonomy":"post_tag","embeddable":true,"href":"https:\/\/www.facet.unt.edu.ar\/facetinforma\/wp-json\/wp\/v2\/tags?post=4239"}],"curies":[{"name":"wp","href":"https:\/\/api.w.org\/{rel}","templated":true}]}}