{"id":4244,"date":"2013-09-03T12:30:02","date_gmt":"2013-09-03T12:30:02","guid":{"rendered":"http:\/\/www1.herrera.unt.edu.ar\/facetinforma\/?p=4244"},"modified":"2013-09-03T12:30:02","modified_gmt":"2013-09-03T12:30:02","slug":"invitacion-a-la-semana-nacional-del-emprendedor-tecnologico","status":"publish","type":"post","link":"https:\/\/www.facet.unt.edu.ar\/facetinforma\/2013\/09\/03\/invitacion-a-la-semana-nacional-del-emprendedor-tecnologico\/","title":{"rendered":"Invitaci\u00f3n a la Semana Nacional del Emprendedor Tecnol\u00f3gico"},"content":{"rendered":"<p style=\"text-align: justify\">Se invita a Ud. a la <strong>Semana Nacional del Emprendedor Tecnol\u00f3gico<\/strong> que se llevar\u00e1 a cabo los d\u00edas <strong>4 y 5 de Septiembre de 2013<\/strong>, en el Anfiteatro Dpto. de Luminotecnia, Luz y Visi\u00f3n de la Facultad de Ciencias Exactas y Tecnolog\u00eda &#8211; UNT.<\/p>\n<p style=\"text-align: justify\"><span style=\"text-decoration: underline\">Objetivos<\/span>:<br \/> &#8211; Promover y difundir la cultura emprendedora;<br \/> &#8211; Generar capacidades de gesti\u00f3n para la creaci\u00f3n, el desarrollo y la consolidaci\u00f3n de empresas que hagan un uso intensivo del conocimiento cient\u00edfico y tecnol\u00f3gico y que produzcan innovaciones.<\/p>\n<p style=\"text-align: justify\">El evento est\u00e1 destinado a organizaciones p\u00fablicas o privadas que promuevan el emprendedorismo, estudiantes universitarios de grado y posgrado, cient\u00edficos y tecn\u00f3logos, emprendedores y p\u00fablico en general.<\/p>\n<p style=\"text-align: justify\">En archivo adjunto, encontrar\u00e1 el programa del evento: \u2013 <a href=\"https:\/\/www.facet.unt.edu.ar\/facetinforma\/wp-content\/uploads\/sites\/9\/2013\/08\/afiche-emprendedor-2-1-.jpg\" target=\"_blank\">Programa Semana Nacional del Emprendedor Tecnol\u00f3gico.jpg<\/a><\/p>\n<div id=\"dc_vk_code\">\u00a0<\/div>\n","protected":false},"excerpt":{"rendered":"<p>Se invita a Ud. a la Semana Nacional del Emprendedor Tecnol\u00f3gico que se llevar\u00e1 a cabo los d\u00edas 4 y 5 de Septiembre de 2013, en el Anfiteatro Dpto. de Luminotecnia, Luz y Visi\u00f3n de la Facultad de Ciencias Exactas y Tecnolog\u00eda &#8211; UNT. Objetivos: &#8211; Promover y difundir la cultura emprendedora; &#8211; Generar capacidades [&hellip;]<\/p>\n","protected":false},"author":6,"featured_media":0,"comment_status":"closed","ping_status":"open","sticky":false,"template":"","format":"standard","meta":[],"categories":[5],"tags":[],"_links":{"self":[{"href":"https:\/\/www.facet.unt.edu.ar\/facetinforma\/wp-json\/wp\/v2\/posts\/4244"}],"collection":[{"href":"https:\/\/www.facet.unt.edu.ar\/facetinforma\/wp-json\/wp\/v2\/posts"}],"about":[{"href":"https:\/\/www.facet.unt.edu.ar\/facetinforma\/wp-json\/wp\/v2\/types\/post"}],"author":[{"embeddable":true,"href":"https:\/\/www.facet.unt.edu.ar\/facetinforma\/wp-json\/wp\/v2\/users\/6"}],"replies":[{"embeddable":true,"href":"https:\/\/www.facet.unt.edu.ar\/facetinforma\/wp-json\/wp\/v2\/comments?post=4244"}],"version-history":[{"count":0,"href":"https:\/\/www.facet.unt.edu.ar\/facetinforma\/wp-json\/wp\/v2\/posts\/4244\/revisions"}],"wp:attachment":[{"href":"https:\/\/www.facet.unt.edu.ar\/facetinforma\/wp-json\/wp\/v2\/media?parent=4244"}],"wp:term":[{"taxonomy":"category","embeddable":true,"href":"https:\/\/www.facet.unt.edu.ar\/facetinforma\/wp-json\/wp\/v2\/categories?post=4244"},{"taxonomy":"post_tag","embeddable":true,"href":"https:\/\/www.facet.unt.edu.ar\/facetinforma\/wp-json\/wp\/v2\/tags?post=4244"}],"curies":[{"name":"wp","href":"https:\/\/api.w.org\/{rel}","templated":true}]}}