{"id":4273,"date":"2013-09-05T09:30:22","date_gmt":"2013-09-05T09:30:22","guid":{"rendered":"http:\/\/www1.herrera.unt.edu.ar\/facetinforma\/?p=4273"},"modified":"2013-09-05T09:30:22","modified_gmt":"2013-09-05T09:30:22","slug":"becas-de-investigacion-carrillo-onativia","status":"publish","type":"post","link":"https:\/\/www.facet.unt.edu.ar\/facetinforma\/2013\/09\/05\/becas-de-investigacion-carrillo-onativia\/","title":{"rendered":"Becas de Investigaci\u00f3n Carrillo-O\u00f1ativia"},"content":{"rendered":"<p style=\"text-align: justify\"><strong>El Ministerio de Salud de la Naci\u00f3n lanz\u00f3 la convocatoria para Becas de Investigaci\u00f3n 2014.<\/strong><\/p>\n<p style=\"text-align: justify\">La Comisi\u00f3n Nacional Salud Investiga del Ministerio de Salud de la Naci\u00f3n anuncia la apertura de la Convocatoria para la postulaci\u00f3n a las Becas de Investigaci\u00f3n \u201cCarrillo-O\u00f1ativia\u201d 2014. \u00a0<\/p>\n<p style=\"text-align: justify\">El llamado contempla:<br \/> &#8211; 120 becas para estudios individuales, destinadas a proyectos de investigaci\u00f3n en Cl\u00ednica y en Salud P\u00fablica. <br \/> &#8211; 140 becas de estudios multic\u00e9ntricos cuyos temas prioritarios son: Enfermedades no transmisibles, Enfermedades transmisibles, Salud materno infantil, Recursos humanos en salud y Gesti\u00f3n y pol\u00edticas sanitarias.<\/p>\n<p style=\"text-align: justify\">La fecha l\u00edmite para postularse es el <strong>1 de noviembre de 2013<\/strong>. \u00a0\u00a0\u00a0\u00a0 <!--more--><\/p>\n<p style=\"text-align: justify\">La beca de investigaci\u00f3n consiste en $47.000 anuales. \u00a0<\/p>\n<p style=\"text-align: justify\">Por mayor informaci\u00f3n:<a href=\"http:\/\/www.saludinvestiga.org.ar\" target=\"_blank\"> www.saludinvestiga.org.ar<\/a>\u00a0<\/p>\n<p>Descarga de formularios en: <a href=\"http:\/\/www.saludinvestiga.org.ar\/convocatorias.asp\" target=\"_blank\">http:\/\/www.saludinvestiga.org.ar\/convocatorias.asp<\/a><\/p>\n<p>Atte.,<\/p>\n<h6><span style=\"font-size: x-small;font-family: times new roman,times\">&#8212; <\/span><br \/><span style=\"font-size: x-small;font-family: times new roman,times\">Comisi\u00f3n Nacional Salud Investiga<\/span><br \/><span style=\"font-size: x-small;font-family: times new roman,times\"> Ministerio de Salud de la Naci\u00f3n<\/span><br \/><span style=\"font-size: x-small;font-family: times new roman,times\"> Rivadavia 877 3\u00ba piso. CABA<\/span><br \/><span style=\"font-size: x-small;font-family: times new roman,times\"> Te: 011 43314645 \/ 48 (de lunes a viernes de 10 a 18 hs)<\/span><\/h6>\n<div id=\"dc_vk_code\">\u00a0<\/div>\n","protected":false},"excerpt":{"rendered":"<p>El Ministerio de Salud de la Naci\u00f3n lanz\u00f3 la convocatoria para Becas de Investigaci\u00f3n 2014. La Comisi\u00f3n Nacional Salud Investiga del Ministerio de Salud de la Naci\u00f3n anuncia la apertura de la Convocatoria para la postulaci\u00f3n a las Becas de Investigaci\u00f3n \u201cCarrillo-O\u00f1ativia\u201d 2014. \u00a0 El llamado contempla: &#8211; 120 becas para estudios individuales, destinadas a [&hellip;]<\/p>\n","protected":false},"author":6,"featured_media":0,"comment_status":"closed","ping_status":"open","sticky":false,"template":"","format":"standard","meta":[],"categories":[3,5],"tags":[],"_links":{"self":[{"href":"https:\/\/www.facet.unt.edu.ar\/facetinforma\/wp-json\/wp\/v2\/posts\/4273"}],"collection":[{"href":"https:\/\/www.facet.unt.edu.ar\/facetinforma\/wp-json\/wp\/v2\/posts"}],"about":[{"href":"https:\/\/www.facet.unt.edu.ar\/facetinforma\/wp-json\/wp\/v2\/types\/post"}],"author":[{"embeddable":true,"href":"https:\/\/www.facet.unt.edu.ar\/facetinforma\/wp-json\/wp\/v2\/users\/6"}],"replies":[{"embeddable":true,"href":"https:\/\/www.facet.unt.edu.ar\/facetinforma\/wp-json\/wp\/v2\/comments?post=4273"}],"version-history":[{"count":0,"href":"https:\/\/www.facet.unt.edu.ar\/facetinforma\/wp-json\/wp\/v2\/posts\/4273\/revisions"}],"wp:attachment":[{"href":"https:\/\/www.facet.unt.edu.ar\/facetinforma\/wp-json\/wp\/v2\/media?parent=4273"}],"wp:term":[{"taxonomy":"category","embeddable":true,"href":"https:\/\/www.facet.unt.edu.ar\/facetinforma\/wp-json\/wp\/v2\/categories?post=4273"},{"taxonomy":"post_tag","embeddable":true,"href":"https:\/\/www.facet.unt.edu.ar\/facetinforma\/wp-json\/wp\/v2\/tags?post=4273"}],"curies":[{"name":"wp","href":"https:\/\/api.w.org\/{rel}","templated":true}]}}