{"id":4277,"date":"2013-09-05T09:50:56","date_gmt":"2013-09-05T09:50:56","guid":{"rendered":"http:\/\/www1.herrera.unt.edu.ar\/facetinforma\/?p=4277"},"modified":"2013-09-05T09:50:56","modified_gmt":"2013-09-05T09:50:56","slug":"ieee-wescis-2013-workshop-de-education-society-y-de-computational-intelligence-society-2013","status":"publish","type":"post","link":"https:\/\/www.facet.unt.edu.ar\/facetinforma\/2013\/09\/05\/ieee-wescis-2013-workshop-de-education-society-y-de-computational-intelligence-society-2013\/","title":{"rendered":"IEEE WESCIS 2013 &#8211; Workshop de Education Society y de Computational Intelligence Society 2013"},"content":{"rendered":"<p style=\"text-align: justify\">WESCIS 2013, Workshop de Education Society y de Computational Intelligence Society 2013, se realizar\u00e1 el <strong>viernes 13 de septiembre de 2013<\/strong> en la ciudad de Tucum\u00e1n, coorganizado por los Cap\u00edtulos Argentinos de las Sociedades T\u00e9cnicas IEEE antes citadas y por la Rama Estudiantil de la Universidad Nacional de Tucum\u00e1n (UNT).<\/p>\n<p style=\"text-align: justify\">El evento contar\u00e1 con la presencia de prestigiosos disertantes internacionales y nacionales, quienes desarrollar\u00e1n ponencias en \u00e1reas de Inteligencia Artificial-Computacional y de Educaci\u00f3n en Ingenier\u00eda.<\/p>\n<p style=\"text-align: justify\">Estas actividades est\u00e1n dirigidas a docentes, investigadores, alumnos universitarios y secundarios y p\u00fablico en general con particular inter\u00e9s en las \u00e1reas de Inteligencia Artificial y Educaci\u00f3n en Ingenier\u00eda.<\/p>\n<p style=\"text-align: justify\">Estimamos que WESCIS 2013 podr\u00e1 tener una gran repercusi\u00f3n en el \u00e1mbito acad\u00e9mico del NOA, ya que no son frecuentes las actividades con tem\u00e1ticas y disertantes como la presente.\u00a0\u00a0 <!--more--><\/p>\n<p style=\"text-align: justify\">El evento es arancelado y de jornada completa, y se llevar\u00e1 a cabo en el Centro Cultural Virla de la UNT, ubicado en la calle 25 de Mayo 265 de la ciudad de Tucum\u00e1n.<\/p>\n<p style=\"text-align: justify\">En la p\u00e1gina web\u00a0\u00a0<a href=\"http:\/\/sites.ieee.org\/wescis2013\/\" target=\"_blank\">http:\/\/sites.ieee.org\/wescis2013\/<\/a>\u00a0\u00a0est\u00e1 disponible la informaci\u00f3n completa y la cartilla para preinscripci\u00f3n al mismo.<\/p>\n<p style=\"text-align: justify\">El Cronograma de WESCIS 2013 es el siguiente:<br \/> <strong>Sesi\u00f3n Matutina<\/strong><br \/> &#8211; Acto de apertura<br \/> &#8212; Raoul Velazco (Francia), Single Event Effects on Digital Integrated Circuits: Origins and Mitigation Techniques.<br \/> &#8212; Daniel \u00a0Cohen (Argentina), Ense\u00f1anza Conceptual de la Ingenier\u00eda e influencia de las Tecnolog\u00edas de la Informaci\u00f3n.<br \/> &#8211; Caf\u00e9<br \/> &#8212; Pablo Rovarini (Argentina), Toma de Decisiones Fuzzy.<br \/> &#8212; Daniela L\u00f3pez de Luise (Argentina), Wavelets Morfosint\u00e1cticas para el Modelado de Razonamiento Ling\u00fc\u00edstico.<br \/> &#8212; Derong Liu (USA\/China), Adaptive Dynamic Programming for Learning Control.<br \/> &#8211; Almuerzo.<br \/> <strong><\/strong><\/p>\n<p style=\"text-align: justify\"><strong>Sesi\u00f3n Vespertina<\/strong><br \/> &#8212; Gustavo E. Ju\u00e1rez (Argentina), Modelos de Evaluaci\u00f3n Equitativa de Estudiantes con Concep-tos Fuzzy.<br \/> &#8212; Augusto Herrera (Argentina), Engineering Projects in Community Service (IEEE EPICS).<br \/> &#8211; Caf\u00e9.<br \/> &#8212; Cristian Rodr\u00edguez Rivero (Argentina), Modelado y Control de Sistemas para Procesos Agroindustriales.<br \/> &#8212; Leonardo Franco (Espa\u00f1a), Algoritmos constructivos de redes neuronales y aplicaciones a sistemas embebidos.<br \/> &#8211; Acto de Clausura.<\/p>\n<div id=\"dc_vk_code\">\u00a0<\/div>\n","protected":false},"excerpt":{"rendered":"<p>WESCIS 2013, Workshop de Education Society y de Computational Intelligence Society 2013, se realizar\u00e1 el viernes 13 de septiembre de 2013 en la ciudad de Tucum\u00e1n, coorganizado por los Cap\u00edtulos Argentinos de las Sociedades T\u00e9cnicas IEEE antes citadas y por la Rama Estudiantil de la Universidad Nacional de Tucum\u00e1n (UNT). El evento contar\u00e1 con la [&hellip;]<\/p>\n","protected":false},"author":6,"featured_media":0,"comment_status":"closed","ping_status":"open","sticky":false,"template":"","format":"standard","meta":[],"categories":[5],"tags":[],"_links":{"self":[{"href":"https:\/\/www.facet.unt.edu.ar\/facetinforma\/wp-json\/wp\/v2\/posts\/4277"}],"collection":[{"href":"https:\/\/www.facet.unt.edu.ar\/facetinforma\/wp-json\/wp\/v2\/posts"}],"about":[{"href":"https:\/\/www.facet.unt.edu.ar\/facetinforma\/wp-json\/wp\/v2\/types\/post"}],"author":[{"embeddable":true,"href":"https:\/\/www.facet.unt.edu.ar\/facetinforma\/wp-json\/wp\/v2\/users\/6"}],"replies":[{"embeddable":true,"href":"https:\/\/www.facet.unt.edu.ar\/facetinforma\/wp-json\/wp\/v2\/comments?post=4277"}],"version-history":[{"count":0,"href":"https:\/\/www.facet.unt.edu.ar\/facetinforma\/wp-json\/wp\/v2\/posts\/4277\/revisions"}],"wp:attachment":[{"href":"https:\/\/www.facet.unt.edu.ar\/facetinforma\/wp-json\/wp\/v2\/media?parent=4277"}],"wp:term":[{"taxonomy":"category","embeddable":true,"href":"https:\/\/www.facet.unt.edu.ar\/facetinforma\/wp-json\/wp\/v2\/categories?post=4277"},{"taxonomy":"post_tag","embeddable":true,"href":"https:\/\/www.facet.unt.edu.ar\/facetinforma\/wp-json\/wp\/v2\/tags?post=4277"}],"curies":[{"name":"wp","href":"https:\/\/api.w.org\/{rel}","templated":true}]}}