{"id":4288,"date":"2013-09-06T19:43:03","date_gmt":"2013-09-06T19:43:03","guid":{"rendered":"http:\/\/www1.herrera.unt.edu.ar\/facetinforma\/?p=4288"},"modified":"2013-09-06T19:43:03","modified_gmt":"2013-09-06T19:43:03","slug":"especializacion-en-aplicaciones-tecnologicas-de-la-energia-nuclear","status":"publish","type":"post","link":"https:\/\/www.facet.unt.edu.ar\/facetinforma\/2013\/09\/06\/especializacion-en-aplicaciones-tecnologicas-de-la-energia-nuclear\/","title":{"rendered":"Especializaci\u00f3n en Aplicaciones Tecnol\u00f3gicas de la Energ\u00eda Nuclear"},"content":{"rendered":"<p style=\"text-align: justify\">La carrera &#8220;Especializaci\u00f3n en Aplicaciones Tecnol\u00f3gicas de la Energ\u00eda Nuclear&#8221; es dictada en conjunto con la Facultad de Ingenier\u00eda de la Universidad de Buenos Aires y con la participaci\u00f3n de la Comisi\u00f3n Nacional de Energ\u00eda At\u00f3mica y est\u00e1 acreditada por la CONEAU seg\u00fan Resoluci\u00f3n N\u00b0 214\/2011\u2013CONEAU, Categorizada A.<\/p>\n<p style=\"text-align: justify\"><strong>Modalidad:<\/strong> Estructurada \u2013 Presencial.<\/p>\n<p style=\"text-align: justify\"><strong>Director:<\/strong> Dr. Carlos GHO.<\/p>\n<p style=\"text-align: justify\"><strong>Requisitos:<\/strong> Poseer un t\u00edtulo de grado de una carrera universitaria de no menos de cuatro a\u00f1os de duraci\u00f3n y aprobar la evaluaci\u00f3n de admisi\u00f3n realizada por el Comit\u00e9 Acad\u00e9mico o por un jurado designado a tal fin.<\/p>\n<p style=\"text-align: justify\"><strong>Fecha de Inscripci\u00f3n:<\/strong> Desde el 1\u00ba de setiembre al 30 de noviembre de cada a\u00f1o.\u00a0\u00a0 <!--more--><\/p>\n<p style=\"text-align: justify\"><strong>Costos:<\/strong> La matr\u00edcula y el arancel son fijados cada a\u00f1o por el IB. Para alumnos enviados por instituciones no acad\u00e9micas, la matr\u00edcula y el arancel son fijados por convenios espec\u00edficos entre la instituci\u00f3n y el Instituto Balseiro.<\/p>\n<p style=\"text-align: justify\"><strong>Plan de Estudios:<\/strong> Cursos te\u00f3rico-pr\u00e1cticos, ciclo de conferencias, pasant\u00edas y proyecto especial.<\/p>\n<p style=\"text-align: justify\"><strong>Cursado y duraci\u00f3n:<\/strong> Dos semestres. El primer semestre se dicta en el IB, a partir del primer d\u00eda h\u00e1bil de febrero de cada a\u00f1o. El segundo semestre se dicta en la FI-UBA y en instalaciones de la CNEA, a partir del primer d\u00eda h\u00e1bil de agosto.<\/p>\n<p style=\"text-align: justify\"><strong>Becas:\u00a0<\/strong> La CNEA, empresas p\u00fablicas y privadas y diversos organismos ofrecen becas que cubren total o parcialmente gastos de matr\u00edcula, arancel, seguros y gastos de estad\u00eda<\/p>\n<p style=\"text-align: justify\"><strong>Egreso:<\/strong> Trabajo Final de Especialista.<\/p>\n<p style=\"text-align: justify\"><strong>Contacto:<\/strong><br \/> Instituto Balseiro &#8211; Centro At\u00f3mico Bariloche Avda. Bustillo 9500 &#8211; C.P.8400 San Carlos de Bariloche &#8211; R8402AGP-R\u00edo Negro \u2013 ARGENTINA Tel.: 54 &#8211; 2944 \u2013445131 Oficina de Posgrado: <a href=\"mailto:posgrado@ib.edu.ar\" target=\"_blank\">posgrado@ib.edu.ar<\/a><\/p>\n","protected":false},"excerpt":{"rendered":"<p>La carrera &#8220;Especializaci\u00f3n en Aplicaciones Tecnol\u00f3gicas de la Energ\u00eda Nuclear&#8221; es dictada en conjunto con la Facultad de Ingenier\u00eda de la Universidad de Buenos Aires y con la participaci\u00f3n de la Comisi\u00f3n Nacional de Energ\u00eda At\u00f3mica y est\u00e1 acreditada por la CONEAU seg\u00fan Resoluci\u00f3n N\u00b0 214\/2011\u2013CONEAU, Categorizada A. Modalidad: Estructurada \u2013 Presencial. Director: Dr. Carlos [&hellip;]<\/p>\n","protected":false},"author":6,"featured_media":0,"comment_status":"closed","ping_status":"open","sticky":false,"template":"","format":"standard","meta":[],"categories":[5],"tags":[],"_links":{"self":[{"href":"https:\/\/www.facet.unt.edu.ar\/facetinforma\/wp-json\/wp\/v2\/posts\/4288"}],"collection":[{"href":"https:\/\/www.facet.unt.edu.ar\/facetinforma\/wp-json\/wp\/v2\/posts"}],"about":[{"href":"https:\/\/www.facet.unt.edu.ar\/facetinforma\/wp-json\/wp\/v2\/types\/post"}],"author":[{"embeddable":true,"href":"https:\/\/www.facet.unt.edu.ar\/facetinforma\/wp-json\/wp\/v2\/users\/6"}],"replies":[{"embeddable":true,"href":"https:\/\/www.facet.unt.edu.ar\/facetinforma\/wp-json\/wp\/v2\/comments?post=4288"}],"version-history":[{"count":0,"href":"https:\/\/www.facet.unt.edu.ar\/facetinforma\/wp-json\/wp\/v2\/posts\/4288\/revisions"}],"wp:attachment":[{"href":"https:\/\/www.facet.unt.edu.ar\/facetinforma\/wp-json\/wp\/v2\/media?parent=4288"}],"wp:term":[{"taxonomy":"category","embeddable":true,"href":"https:\/\/www.facet.unt.edu.ar\/facetinforma\/wp-json\/wp\/v2\/categories?post=4288"},{"taxonomy":"post_tag","embeddable":true,"href":"https:\/\/www.facet.unt.edu.ar\/facetinforma\/wp-json\/wp\/v2\/tags?post=4288"}],"curies":[{"name":"wp","href":"https:\/\/api.w.org\/{rel}","templated":true}]}}